{"id":66137,"date":"2023-04-06T10:20:44","date_gmt":"2023-04-06T08:20:44","guid":{"rendered":"https:\/\/www.ranciliogroup.com\/?p=66137"},"modified":"2023-04-06T10:20:44","modified_gmt":"2023-04-06T08:20:44","slug":"o-rancilio-group-regressa-a-east-london-para-o-london-coffee-festival-2023","status":"publish","type":"post","link":"https:\/\/www.ranciliogroup.com\/pt-pt\/o-rancilio-group-regressa-a-east-london-para-o-london-coffee-festival-2023\/","title":{"rendered":"O Rancilio Group regressa a East London para o London Coffee Festival 2023"},"content":{"rendered":"<p>De 20 a 23 de abril a Truman Brewery em East London ilumina-se novamente para o regresso do London Coffee Festival, o evento que celebra a animada e vibrante cena do caf\u00e9 de Londres. O Rancilio Group estar\u00e1 presente para acolher os 30.000 profissionais da ind\u00fastria e entusiastas do caf\u00e9 que dever\u00e3o estar presentes no evento deste ano.<\/p>\n<p>A campe\u00e3 da Barista League de 2022 Claudia Cho Ngai Lam tamb\u00e9m se juntar\u00e1 \u00e0 equipa do Rancilio Group nesta ocasi\u00e3o para trabalhar ao lado da Invicta, a nova m\u00e1quina de caf\u00e9 expresso de uma caldeira \u00fanica equipada com tecnologia Steady Brew. A RS1 ir\u00e1 completar a linha dando aos visitantes a oportunidade de testar em primeira m\u00e3o a sua tecnologia de Pr\u00e9-Infus\u00e3o e Advanced Temperature Profiling.<\/p>\n<p>Os f\u00e3s da Linha Home da Rancilio podem experimentar a m\u00e1quina de caf\u00e9 expresso de grupo \u00fanico com tecnologia de caldeira dupla Silvia Pro X e o novo moinho de caf\u00e9 ultra-compacto Stile adequado para a casa e para cafetarias.<\/p>\n<p>Para quem procura um toque mais moderno e automatizado, a elegante m\u00e1quina de caf\u00e9 totalmente autom\u00e1tica Egro Next Pure Coffee duplicar\u00e1 a sua presen\u00e7a: uma vers\u00e3o com iSteam para leite com textura impec\u00e1vel e uma vers\u00e3o sem caldeira a vapor para maximizar a poupan\u00e7a de energia. Esta configura\u00e7\u00e3o especial oferece tecnologias de extra\u00e7\u00e3o f\u00e1ceis de utilizar e de alta qualidade para estabelecimentos com elevado volume de consumo, elevando a produtividade de Next Pure Coffee para 4 ch\u00e1venas de caf\u00e9 por servi\u00e7o.<\/p>\n<p>Com mais de 250 caf\u00e9s artesanais, provas e demonstra\u00e7\u00f5es de baristas de classe mundial, m\u00fasica ao vivo e workshops interativos, o London Coffee Festival \u00e9 o evento que os f\u00e3s aficionados da cafe\u00edna n\u00e3o v\u00e3o querer perder.<\/p>\n<p>Bilhetes dispon\u00edveis em <a href=\"https:\/\/www.londoncoffeefestival.com\/tickets\/sessions\">Londoncoffeefestival.com<\/a><\/p>\n<p>&nbsp;<\/p>\n<p><strong>London Coffee Festival \/ Rancilio Group<\/strong><br \/>\n20 a 23 de abril de 2023<br \/>\nPiso t\u00e9rreo G1, Stand G24<br \/>\n<a href=\"https:\/\/www.google.com\/maps\/place\/The+Truman+Brewery\/@51.5212729,-0.0719898,15z\/data=!4m6!3m5!1s0x48761cb681c09d1b:0xffb3966176941f91!8m2!3d51.5212729!4d-0.0719898!16zL20vMDd4cTEx\">The Truman Brewery<\/a><br \/>\nBrick Lane<br \/>\nE1 6QR London<\/p>\n<p>&nbsp;<\/p>\n<p><strong>Para mais informa\u00e7\u00f5es sobre o evento<\/strong><br \/>\n<a href=\"https:\/\/www.londoncoffeefestival.com\/\">https:\/\/www.londoncoffeefestival.com\/<\/a><\/p>\n<p>&nbsp;<\/p>\n<p><strong>Acompanhe o evento no Instagram<\/strong><br \/>\n@rancilio_official #rancilio<br \/>\n@ranciliospecialty #ranciliospecialty<br \/>\n@londoncoffeefestival #londoncoffeefestival2023<\/p>\n<p>&nbsp;<\/p>\n<p><strong>Descubra os nossos produtos em exposi\u00e7\u00e3o<\/strong><br \/>\n<a href=\"https:\/\/www.ranciliogroup.com\/pt-pt\/egro\/next\/\">Egro Next<\/a><br \/>\n<a href=\"https:\/\/www.ranciliogroup.com\/pt-pt\/rancilio\/silvia-pro-x\/\">Rancilio Silvia Pro X<\/a><br \/>\n<a href=\"https:\/\/www.ranciliogroup.com\/pt-pt\/rancilio\/silvia\/\">Rancilio Silvia<\/a><br \/>\n<a href=\"https:\/\/www.ranciliogroup.com\/pt-pt\/rancilio\/stile\/\">Rancilio Stile<\/a><br \/>\n<a href=\"https:\/\/www.ranciliogroup.com\/pt-pt\/rancilio\/kryo\/\">Rancilio Kryo<\/a><br \/>\n<a href=\"https:\/\/www.ranciliogroup.com\/pt-pt\/specialty\/invicta\/\">Rancilio Specialty Invicta<\/a><br \/>\n<a href=\"https:\/\/www.ranciliogroup.com\/pt-pt\/specialty\/rs1\/\">Rancilio Specialty RS1<\/a><\/p>\n","protected":false},"excerpt":{"rendered":"<p>De 20 a 23 de abril a Truman Brewery em East London ilumina-se novamente para o regresso do London Coffee&#8230;<\/p>\n","protected":false},"author":5,"featured_media":66084,"comment_status":"closed","ping_status":"closed","sticky":false,"template":"","format":"standard","meta":[],"categories":[1958],"tags":[2690,2633,2634,2918,2689,2834,2632,2604,2605,2860,2744,2861],"acf":[],"yoast_head":"<!-- This site is optimized with the Yoast SEO plugin v21.5 - https:\/\/yoast.com\/wordpress\/plugins\/seo\/ -->\n<title>Latest update about O Rancilio Group regressa a East London para o London Coffee Festival 2023 - Rancilio Group<\/title>\n<meta name=\"description\" content=\"Read Rancilio Group&#039;s latest news about O Rancilio Group regressa a East London para o London Coffee Festival 2023\" \/>\n<meta name=\"robots\" content=\"index, follow, max-snippet:-1, max-image-preview:large, max-video-preview:-1\" \/>\n<link rel=\"canonical\" href=\"https:\/\/www.ranciliogroup.com\/pt-pt\/o-rancilio-group-regressa-a-east-london-para-o-london-coffee-festival-2023\/\" \/>\n<meta property=\"og:locale\" content=\"pt_PT\" \/>\n<meta property=\"og:type\" content=\"article\" \/>\n<meta property=\"og:title\" content=\"Latest update about O Rancilio Group regressa a East London para o London Coffee Festival 2023 - Rancilio Group\" \/>\n<meta property=\"og:description\" content=\"Read Rancilio Group&#039;s latest news about O Rancilio Group regressa a East London para o London Coffee Festival 2023\" \/>\n<meta property=\"og:url\" content=\"https:\/\/www.ranciliogroup.com\/pt-pt\/o-rancilio-group-regressa-a-east-london-para-o-london-coffee-festival-2023\/\" \/>\n<meta property=\"og:site_name\" content=\"Rancilio Group\" \/>\n<meta property=\"article:publisher\" content=\"https:\/\/www.facebook.com\/RancilioGroup\" \/>\n<meta property=\"article:published_time\" content=\"2023-04-06T08:20:44+00:00\" \/>\n<meta property=\"og:image\" content=\"https:\/\/www.ranciliogroup.com\/app\/uploads\/2023\/04\/LCF_RancilioGroup_web.jpg\" \/>\n\t<meta property=\"og:image:width\" content=\"1080\" \/>\n\t<meta property=\"og:image:height\" content=\"608\" \/>\n\t<meta property=\"og:image:type\" content=\"image\/jpeg\" \/>\n<meta name=\"author\" content=\"temp circular\" \/>\n<meta name=\"twitter:card\" content=\"summary_large_image\" \/>\n<meta name=\"twitter:creator\" content=\"@ranciliogroup\" \/>\n<meta name=\"twitter:site\" content=\"@ranciliogroup\" \/>\n<meta name=\"twitter:label1\" content=\"Written by\" \/>\n\t<meta name=\"twitter:data1\" content=\"temp circular\" \/>\n\t<meta name=\"twitter:label2\" content=\"Est. reading time\" \/>\n\t<meta name=\"twitter:data2\" content=\"2 minutes\" \/>\n<script type=\"application\/ld+json\" class=\"yoast-schema-graph\">{\"@context\":\"https:\/\/schema.org\",\"@graph\":[{\"@type\":\"Article\",\"@id\":\"https:\/\/www.ranciliogroup.com\/pt-pt\/o-rancilio-group-regressa-a-east-london-para-o-london-coffee-festival-2023\/#article\",\"isPartOf\":{\"@id\":\"https:\/\/www.ranciliogroup.com\/pt-pt\/o-rancilio-group-regressa-a-east-london-para-o-london-coffee-festival-2023\/\"},\"author\":{\"name\":\"temp circular\",\"@id\":\"https:\/\/www.ranciliogroup.com\/pt-pt\/#\/schema\/person\/d6bf0a7dfe74cded3d64da8b2c92814c\"},\"headline\":\"O Rancilio Group regressa a East London para o London Coffee Festival 2023\",\"datePublished\":\"2023-04-06T08:20:44+00:00\",\"dateModified\":\"2023-04-06T08:20:44+00:00\",\"mainEntityOfPage\":{\"@id\":\"https:\/\/www.ranciliogroup.com\/pt-pt\/o-rancilio-group-regressa-a-east-london-para-o-london-coffee-festival-2023\/\"},\"wordCount\":397,\"publisher\":{\"@id\":\"https:\/\/www.ranciliogroup.com\/pt-pt\/#organization\"},\"keywords\":[\"Egro\",\"Invicta\",\"Kryo\",\"London Coffee Festival\",\"Next\",\"Rancilio\",\"Rancilio Group\",\"Rancilio Specialty\",\"RS1\",\"Silvia\",\"Silvia Pro X\",\"Stile\"],\"articleSection\":[\"Eventos\"],\"inLanguage\":\"pt-PT\"},{\"@type\":\"WebPage\",\"@id\":\"https:\/\/www.ranciliogroup.com\/pt-pt\/o-rancilio-group-regressa-a-east-london-para-o-london-coffee-festival-2023\/\",\"url\":\"https:\/\/www.ranciliogroup.com\/pt-pt\/o-rancilio-group-regressa-a-east-london-para-o-london-coffee-festival-2023\/\",\"name\":\"Latest update about O Rancilio Group regressa a East London para o London Coffee Festival 2023 - Rancilio Group\",\"isPartOf\":{\"@id\":\"https:\/\/www.ranciliogroup.com\/pt-pt\/#website\"},\"datePublished\":\"2023-04-06T08:20:44+00:00\",\"dateModified\":\"2023-04-06T08:20:44+00:00\",\"description\":\"Read Rancilio Group's latest news about O Rancilio Group regressa a East London para o London Coffee Festival 2023\",\"breadcrumb\":{\"@id\":\"https:\/\/www.ranciliogroup.com\/pt-pt\/o-rancilio-group-regressa-a-east-london-para-o-london-coffee-festival-2023\/#breadcrumb\"},\"inLanguage\":\"pt-PT\",\"potentialAction\":[{\"@type\":\"ReadAction\",\"target\":[\"https:\/\/www.ranciliogroup.com\/pt-pt\/o-rancilio-group-regressa-a-east-london-para-o-london-coffee-festival-2023\/\"]}]},{\"@type\":\"BreadcrumbList\",\"@id\":\"https:\/\/www.ranciliogroup.com\/pt-pt\/o-rancilio-group-regressa-a-east-london-para-o-london-coffee-festival-2023\/#breadcrumb\",\"itemListElement\":[{\"@type\":\"ListItem\",\"position\":1,\"name\":\"Home\",\"item\":\"https:\/\/www.ranciliogroup.com\/pt-pt\/\"},{\"@type\":\"ListItem\",\"position\":2,\"name\":\"O Rancilio Group regressa a East London para o London Coffee Festival 2023\"}]},{\"@type\":\"WebSite\",\"@id\":\"https:\/\/www.ranciliogroup.com\/pt-pt\/#website\",\"url\":\"https:\/\/www.ranciliogroup.com\/pt-pt\/\",\"name\":\"Rancilio Group\",\"description\":\"L\u00edder Profissional de M\u00e1quinas de Caf\u00e9\",\"publisher\":{\"@id\":\"https:\/\/www.ranciliogroup.com\/pt-pt\/#organization\"},\"potentialAction\":[{\"@type\":\"SearchAction\",\"target\":{\"@type\":\"EntryPoint\",\"urlTemplate\":\"https:\/\/www.ranciliogroup.com\/pt-pt\/?s={search_term_string}\"},\"query-input\":\"required name=search_term_string\"}],\"inLanguage\":\"pt-PT\"},{\"@type\":\"Organization\",\"@id\":\"https:\/\/www.ranciliogroup.com\/pt-pt\/#organization\",\"name\":\"Rancilio Group\",\"url\":\"https:\/\/www.ranciliogroup.com\/pt-pt\/\",\"logo\":{\"@type\":\"ImageObject\",\"inLanguage\":\"pt-PT\",\"@id\":\"https:\/\/www.ranciliogroup.com\/pt-pt\/#\/schema\/logo\/image\/\",\"url\":\"https:\/\/www.ranciliogroup.com\/app\/uploads\/2019\/07\/rancilio_black_logo.png\",\"contentUrl\":\"https:\/\/www.ranciliogroup.com\/app\/uploads\/2019\/07\/rancilio_black_logo.png\",\"width\":447,\"height\":57,\"caption\":\"Rancilio Group\"},\"image\":{\"@id\":\"https:\/\/www.ranciliogroup.com\/pt-pt\/#\/schema\/logo\/image\/\"},\"sameAs\":[\"https:\/\/www.facebook.com\/RancilioGroup\",\"https:\/\/twitter.com\/ranciliogroup\",\"https:\/\/www.instagram.com\/rancilio_official\/\",\"https:\/\/www.linkedin.com\/company\/ranciliogroup\/\",\"https:\/\/www.youtube.com\/user\/rancilioadmin\"]},{\"@type\":\"Person\",\"@id\":\"https:\/\/www.ranciliogroup.com\/pt-pt\/#\/schema\/person\/d6bf0a7dfe74cded3d64da8b2c92814c\",\"name\":\"temp circular\",\"image\":{\"@type\":\"ImageObject\",\"inLanguage\":\"pt-PT\",\"@id\":\"https:\/\/www.ranciliogroup.com\/pt-pt\/#\/schema\/person\/image\/\",\"url\":\"https:\/\/secure.gravatar.com\/avatar\/569e71c3b97b8bcad1854d6579b35c5f?s=96&d=mm&r=g\",\"contentUrl\":\"https:\/\/secure.gravatar.com\/avatar\/569e71c3b97b8bcad1854d6579b35c5f?s=96&d=mm&r=g\",\"caption\":\"temp circular\"}}]}<\/script>\n<!-- \/ Yoast SEO plugin. -->","yoast_head_json":{"title":"Latest update about O Rancilio Group regressa a East London para o London Coffee Festival 2023 - Rancilio Group","description":"Read Rancilio Group's latest news about O Rancilio Group regressa a East London para o London Coffee Festival 2023","robots":{"index":"index","follow":"follow","max-snippet":"max-snippet:-1","max-image-preview":"max-image-preview:large","max-video-preview":"max-video-preview:-1"},"canonical":"https:\/\/www.ranciliogroup.com\/pt-pt\/o-rancilio-group-regressa-a-east-london-para-o-london-coffee-festival-2023\/","og_locale":"pt_PT","og_type":"article","og_title":"Latest update about O Rancilio Group regressa a East London para o London Coffee Festival 2023 - Rancilio Group","og_description":"Read Rancilio Group's latest news about O Rancilio Group regressa a East London para o London Coffee Festival 2023","og_url":"https:\/\/www.ranciliogroup.com\/pt-pt\/o-rancilio-group-regressa-a-east-london-para-o-london-coffee-festival-2023\/","og_site_name":"Rancilio Group","article_publisher":"https:\/\/www.facebook.com\/RancilioGroup","article_published_time":"2023-04-06T08:20:44+00:00","og_image":[{"width":1080,"height":608,"url":"https:\/\/www.ranciliogroup.com\/app\/uploads\/2023\/04\/LCF_RancilioGroup_web.jpg","type":"image\/jpeg"}],"author":"temp circular","twitter_card":"summary_large_image","twitter_creator":"@ranciliogroup","twitter_site":"@ranciliogroup","twitter_misc":{"Written by":"temp circular","Est. reading time":"2 minutes"},"schema":{"@context":"https:\/\/schema.org","@graph":[{"@type":"Article","@id":"https:\/\/www.ranciliogroup.com\/pt-pt\/o-rancilio-group-regressa-a-east-london-para-o-london-coffee-festival-2023\/#article","isPartOf":{"@id":"https:\/\/www.ranciliogroup.com\/pt-pt\/o-rancilio-group-regressa-a-east-london-para-o-london-coffee-festival-2023\/"},"author":{"name":"temp circular","@id":"https:\/\/www.ranciliogroup.com\/pt-pt\/#\/schema\/person\/d6bf0a7dfe74cded3d64da8b2c92814c"},"headline":"O Rancilio Group regressa a East London para o London Coffee Festival 2023","datePublished":"2023-04-06T08:20:44+00:00","dateModified":"2023-04-06T08:20:44+00:00","mainEntityOfPage":{"@id":"https:\/\/www.ranciliogroup.com\/pt-pt\/o-rancilio-group-regressa-a-east-london-para-o-london-coffee-festival-2023\/"},"wordCount":397,"publisher":{"@id":"https:\/\/www.ranciliogroup.com\/pt-pt\/#organization"},"keywords":["Egro","Invicta","Kryo","London Coffee Festival","Next","Rancilio","Rancilio Group","Rancilio Specialty","RS1","Silvia","Silvia Pro X","Stile"],"articleSection":["Eventos"],"inLanguage":"pt-PT"},{"@type":"WebPage","@id":"https:\/\/www.ranciliogroup.com\/pt-pt\/o-rancilio-group-regressa-a-east-london-para-o-london-coffee-festival-2023\/","url":"https:\/\/www.ranciliogroup.com\/pt-pt\/o-rancilio-group-regressa-a-east-london-para-o-london-coffee-festival-2023\/","name":"Latest update about O Rancilio Group regressa a East London para o London Coffee Festival 2023 - Rancilio Group","isPartOf":{"@id":"https:\/\/www.ranciliogroup.com\/pt-pt\/#website"},"datePublished":"2023-04-06T08:20:44+00:00","dateModified":"2023-04-06T08:20:44+00:00","description":"Read Rancilio Group's latest news about O Rancilio Group regressa a East London para o London Coffee Festival 2023","breadcrumb":{"@id":"https:\/\/www.ranciliogroup.com\/pt-pt\/o-rancilio-group-regressa-a-east-london-para-o-london-coffee-festival-2023\/#breadcrumb"},"inLanguage":"pt-PT","potentialAction":[{"@type":"ReadAction","target":["https:\/\/www.ranciliogroup.com\/pt-pt\/o-rancilio-group-regressa-a-east-london-para-o-london-coffee-festival-2023\/"]}]},{"@type":"BreadcrumbList","@id":"https:\/\/www.ranciliogroup.com\/pt-pt\/o-rancilio-group-regressa-a-east-london-para-o-london-coffee-festival-2023\/#breadcrumb","itemListElement":[{"@type":"ListItem","position":1,"name":"Home","item":"https:\/\/www.ranciliogroup.com\/pt-pt\/"},{"@type":"ListItem","position":2,"name":"O Rancilio Group regressa a East London para o London Coffee Festival 2023"}]},{"@type":"WebSite","@id":"https:\/\/www.ranciliogroup.com\/pt-pt\/#website","url":"https:\/\/www.ranciliogroup.com\/pt-pt\/","name":"Rancilio Group","description":"L\u00edder Profissional de M\u00e1quinas de Caf\u00e9","publisher":{"@id":"https:\/\/www.ranciliogroup.com\/pt-pt\/#organization"},"potentialAction":[{"@type":"SearchAction","target":{"@type":"EntryPoint","urlTemplate":"https:\/\/www.ranciliogroup.com\/pt-pt\/?s={search_term_string}"},"query-input":"required name=search_term_string"}],"inLanguage":"pt-PT"},{"@type":"Organization","@id":"https:\/\/www.ranciliogroup.com\/pt-pt\/#organization","name":"Rancilio Group","url":"https:\/\/www.ranciliogroup.com\/pt-pt\/","logo":{"@type":"ImageObject","inLanguage":"pt-PT","@id":"https:\/\/www.ranciliogroup.com\/pt-pt\/#\/schema\/logo\/image\/","url":"https:\/\/www.ranciliogroup.com\/app\/uploads\/2019\/07\/rancilio_black_logo.png","contentUrl":"https:\/\/www.ranciliogroup.com\/app\/uploads\/2019\/07\/rancilio_black_logo.png","width":447,"height":57,"caption":"Rancilio Group"},"image":{"@id":"https:\/\/www.ranciliogroup.com\/pt-pt\/#\/schema\/logo\/image\/"},"sameAs":["https:\/\/www.facebook.com\/RancilioGroup","https:\/\/twitter.com\/ranciliogroup","https:\/\/www.instagram.com\/rancilio_official\/","https:\/\/www.linkedin.com\/company\/ranciliogroup\/","https:\/\/www.youtube.com\/user\/rancilioadmin"]},{"@type":"Person","@id":"https:\/\/www.ranciliogroup.com\/pt-pt\/#\/schema\/person\/d6bf0a7dfe74cded3d64da8b2c92814c","name":"temp circular","image":{"@type":"ImageObject","inLanguage":"pt-PT","@id":"https:\/\/www.ranciliogroup.com\/pt-pt\/#\/schema\/person\/image\/","url":"https:\/\/secure.gravatar.com\/avatar\/569e71c3b97b8bcad1854d6579b35c5f?s=96&d=mm&r=g","contentUrl":"https:\/\/secure.gravatar.com\/avatar\/569e71c3b97b8bcad1854d6579b35c5f?s=96&d=mm&r=g","caption":"temp circular"}}]}},"_links":{"self":[{"href":"https:\/\/www.ranciliogroup.com\/pt-pt\/wp-json\/wp\/v2\/posts\/66137"}],"collection":[{"href":"https:\/\/www.ranciliogroup.com\/pt-pt\/wp-json\/wp\/v2\/posts"}],"about":[{"href":"https:\/\/www.ranciliogroup.com\/pt-pt\/wp-json\/wp\/v2\/types\/post"}],"author":[{"embeddable":true,"href":"https:\/\/www.ranciliogroup.com\/pt-pt\/wp-json\/wp\/v2\/users\/5"}],"replies":[{"embeddable":true,"href":"https:\/\/www.ranciliogroup.com\/pt-pt\/wp-json\/wp\/v2\/comments?post=66137"}],"version-history":[{"count":1,"href":"https:\/\/www.ranciliogroup.com\/pt-pt\/wp-json\/wp\/v2\/posts\/66137\/revisions"}],"predecessor-version":[{"id":66138,"href":"https:\/\/www.ranciliogroup.com\/pt-pt\/wp-json\/wp\/v2\/posts\/66137\/revisions\/66138"}],"wp:featuredmedia":[{"embeddable":true,"href":"https:\/\/www.ranciliogroup.com\/pt-pt\/wp-json\/wp\/v2\/media\/66084"}],"wp:attachment":[{"href":"https:\/\/www.ranciliogroup.com\/pt-pt\/wp-json\/wp\/v2\/media?parent=66137"}],"wp:term":[{"taxonomy":"category","embeddable":true,"href":"https:\/\/www.ranciliogroup.com\/pt-pt\/wp-json\/wp\/v2\/categories?post=66137"},{"taxonomy":"post_tag","embeddable":true,"href":"https:\/\/www.ranciliogroup.com\/pt-pt\/wp-json\/wp\/v2\/tags?post=66137"}],"curies":[{"name":"wp","href":"https:\/\/api.w.org\/{rel}","templated":true}]}}