{"id":66139,"date":"2023-04-06T10:26:47","date_gmt":"2023-04-06T08:26:47","guid":{"rendered":"https:\/\/www.ranciliogroup.com\/?p=66139"},"modified":"2023-04-12T14:02:00","modified_gmt":"2023-04-12T12:02:00","slug":"podcast-history-of-coffee-no-london-coffee-festival-com-a-rancilio","status":"publish","type":"post","link":"https:\/\/www.ranciliogroup.com\/pt-pt\/podcast-history-of-coffee-no-london-coffee-festival-com-a-rancilio\/","title":{"rendered":"Podcast History of Coffee no London Coffee Festival com a Rancilio"},"content":{"rendered":"<p>No s\u00e1bado 22 e domingo 23 de abril, a Rancilio convida-o para um evento especial organizado por ocasi\u00e3o da segunda temporada do podcast<em> A History of Coffee<\/em> &#8211; que ser\u00e1 lan\u00e7ada no dia 17 de abril no Spotify e Apple Podcast.<\/p>\n<p>A nova temporada do podcast foi desenvolvida com conte\u00fado editorial gratuito oferecido pela Rancilio e \u00e9 apresentada pelo documentarista e criador do podcast de caf\u00e9 <em>Filter Stories<\/em> James Harper, e pelo Professor Jonathan Morris, historiador profissional e autor de <em>Coffee: A Global History<\/em>.<\/p>\n<p>James Harper e o Professor Jonathan Morris navegam pela hist\u00f3ria de como uma pequena semente psicoativa mudou o mundo e moldou as nossas vidas hoje em dia. Cafetarias, o colonialismo e a revolu\u00e7\u00e3o no Haiti, o caf\u00e9 americano e as origens da venerada cultura do caf\u00e9 expresso italiano s\u00e3o narrados atrav\u00e9s de quatro epis\u00f3dios imersivos dedicados a todos os f\u00e3s do caf\u00e9.<\/p>\n<p>Os autores est\u00e3o prontos para dar um primeiro vislumbre exclusivo desta emocionante nova temporada criada em colabora\u00e7\u00e3o com a Rancilio no palco <em>The Lab<\/em> no London Coffee Festival deste ano com o evento ao vivo <em>The Dark Days of Espresso.<\/em> O evento celebra a segunda temporada do podcast <em>A History of Coffee<\/em> e apresenta uma vers\u00e3o curta do epis\u00f3dio sobre a cultura do caf\u00e9 expresso italiano em tr\u00eas encontros imperd\u00edveis.<\/p>\n<p>&nbsp;<\/p>\n<p><strong>The Dark Days of Espresso: <\/strong><strong>conhe\u00e7a os anfitri\u00f5es<\/strong><br \/>\n<strong>S\u00e1bado, 22 de abril<\/strong><br \/>\nDas 14h30 \u00e0s 15h<br \/>\n<em>Apresentadores: James Harper e Professor Jonathan Morris<\/em><br \/>\n<em>The Lab \/ London Coffee Festival<\/em><\/p>\n<p>&nbsp;<\/p>\n<p><strong>Domingo, 23 de abril<\/strong><br \/>\nDas 11h15 \u00e0s 11h45<\/p>\n<p>Das 14h30 \u00e0s 15h<br \/>\n<em>Apresentadores: James Harper e Professor Jonathan Morris<\/em><br \/>\n<em>The Lab \/ London Coffee Festival<\/em><\/p>\n<p>&nbsp;<\/p>\n<p><strong>London Coffee Festival<\/strong><br \/>\n20 a 23 de abril de 2023<br \/>\nThe Lab<br \/>\n<a href=\"https:\/\/www.google.com\/maps\/place\/The+Truman+Brewery\/@51.5212729,-0.0719898,15z\/data=!4m6!3m5!1s0x48761cb681c09d1b:0xffb3966176941f91!8m2!3d51.5212729!4d-0.0719898!16zL20vMDd4cTEx\">The Truman Brewery<\/a><br \/>\nBrick Lane<br \/>\nE1 6QR London<\/p>\n<p>&nbsp;<\/p>\n<p>&nbsp;<\/p>\n<p><strong>Acompanhe o evento no Instagram<\/strong><br \/>\n@rancilio_official #rancilio<br \/>\n@ranciliospecialty #ranciliospecialty<br \/>\n@londoncoffeefestival #londoncoffeefestival2023<br \/>\n@filterstoriespodcast<br \/>\n@coffeehistoryjm<\/p>\n","protected":false},"excerpt":{"rendered":"<p>No s\u00e1bado 22 e domingo 23 de abril, a Rancilio convida-o para um evento especial organizado por ocasi\u00e3o da segunda&#8230;<\/p>\n","protected":false},"author":5,"featured_media":66109,"comment_status":"closed","ping_status":"closed","sticky":false,"template":"","format":"standard","meta":[],"categories":[1958],"tags":[2919,2918,2834],"acf":[],"yoast_head":"<!-- This site is optimized with the Yoast SEO plugin v21.5 - https:\/\/yoast.com\/wordpress\/plugins\/seo\/ -->\n<title>Latest update about Podcast History of Coffee no London Coffee Festival com a Rancilio - Rancilio Group<\/title>\n<meta name=\"description\" content=\"Read Rancilio Group&#039;s latest news about Podcast History of Coffee no London Coffee Festival com a Rancilio\" \/>\n<meta name=\"robots\" content=\"index, follow, max-snippet:-1, max-image-preview:large, max-video-preview:-1\" \/>\n<link rel=\"canonical\" href=\"https:\/\/www.ranciliogroup.com\/pt-pt\/podcast-history-of-coffee-no-london-coffee-festival-com-a-rancilio\/\" \/>\n<meta property=\"og:locale\" content=\"pt_PT\" \/>\n<meta property=\"og:type\" content=\"article\" \/>\n<meta property=\"og:title\" content=\"Latest update about Podcast History of Coffee no London Coffee Festival com a Rancilio - Rancilio Group\" \/>\n<meta property=\"og:description\" content=\"Read Rancilio Group&#039;s latest news about Podcast History of Coffee no London Coffee Festival com a Rancilio\" \/>\n<meta property=\"og:url\" content=\"https:\/\/www.ranciliogroup.com\/pt-pt\/podcast-history-of-coffee-no-london-coffee-festival-com-a-rancilio\/\" \/>\n<meta property=\"og:site_name\" content=\"Rancilio Group\" \/>\n<meta property=\"article:publisher\" content=\"https:\/\/www.facebook.com\/RancilioGroup\" \/>\n<meta property=\"article:published_time\" content=\"2023-04-06T08:26:47+00:00\" \/>\n<meta property=\"article:modified_time\" content=\"2023-04-12T12:02:00+00:00\" \/>\n<meta property=\"og:image\" content=\"https:\/\/www.ranciliogroup.com\/app\/uploads\/2023\/04\/Rancilio-A-History-of-Coffee_web02.jpg\" \/>\n\t<meta property=\"og:image:width\" content=\"1280\" \/>\n\t<meta property=\"og:image:height\" content=\"720\" \/>\n\t<meta property=\"og:image:type\" content=\"image\/jpeg\" \/>\n<meta name=\"author\" content=\"temp circular\" \/>\n<meta name=\"twitter:card\" content=\"summary_large_image\" \/>\n<meta name=\"twitter:creator\" content=\"@ranciliogroup\" \/>\n<meta name=\"twitter:site\" content=\"@ranciliogroup\" \/>\n<meta name=\"twitter:label1\" content=\"Written by\" \/>\n\t<meta name=\"twitter:data1\" content=\"temp circular\" \/>\n\t<meta name=\"twitter:label2\" content=\"Est. reading time\" \/>\n\t<meta name=\"twitter:data2\" content=\"2 minutes\" \/>\n<script type=\"application\/ld+json\" class=\"yoast-schema-graph\">{\"@context\":\"https:\/\/schema.org\",\"@graph\":[{\"@type\":\"Article\",\"@id\":\"https:\/\/www.ranciliogroup.com\/pt-pt\/podcast-history-of-coffee-no-london-coffee-festival-com-a-rancilio\/#article\",\"isPartOf\":{\"@id\":\"https:\/\/www.ranciliogroup.com\/pt-pt\/podcast-history-of-coffee-no-london-coffee-festival-com-a-rancilio\/\"},\"author\":{\"name\":\"temp circular\",\"@id\":\"https:\/\/www.ranciliogroup.com\/pt-pt\/#\/schema\/person\/d6bf0a7dfe74cded3d64da8b2c92814c\"},\"headline\":\"Podcast History of Coffee no London Coffee Festival com a Rancilio\",\"datePublished\":\"2023-04-06T08:26:47+00:00\",\"dateModified\":\"2023-04-12T12:02:00+00:00\",\"mainEntityOfPage\":{\"@id\":\"https:\/\/www.ranciliogroup.com\/pt-pt\/podcast-history-of-coffee-no-london-coffee-festival-com-a-rancilio\/\"},\"wordCount\":328,\"publisher\":{\"@id\":\"https:\/\/www.ranciliogroup.com\/pt-pt\/#organization\"},\"keywords\":[\"A History of Coffee\",\"London Coffee Festival\",\"Rancilio\"],\"articleSection\":[\"Eventos\"],\"inLanguage\":\"pt-PT\"},{\"@type\":\"WebPage\",\"@id\":\"https:\/\/www.ranciliogroup.com\/pt-pt\/podcast-history-of-coffee-no-london-coffee-festival-com-a-rancilio\/\",\"url\":\"https:\/\/www.ranciliogroup.com\/pt-pt\/podcast-history-of-coffee-no-london-coffee-festival-com-a-rancilio\/\",\"name\":\"Latest update about Podcast History of Coffee no London Coffee Festival com a Rancilio - Rancilio Group\",\"isPartOf\":{\"@id\":\"https:\/\/www.ranciliogroup.com\/pt-pt\/#website\"},\"datePublished\":\"2023-04-06T08:26:47+00:00\",\"dateModified\":\"2023-04-12T12:02:00+00:00\",\"description\":\"Read Rancilio Group's latest news about Podcast History of Coffee no London Coffee Festival com a Rancilio\",\"breadcrumb\":{\"@id\":\"https:\/\/www.ranciliogroup.com\/pt-pt\/podcast-history-of-coffee-no-london-coffee-festival-com-a-rancilio\/#breadcrumb\"},\"inLanguage\":\"pt-PT\",\"potentialAction\":[{\"@type\":\"ReadAction\",\"target\":[\"https:\/\/www.ranciliogroup.com\/pt-pt\/podcast-history-of-coffee-no-london-coffee-festival-com-a-rancilio\/\"]}]},{\"@type\":\"BreadcrumbList\",\"@id\":\"https:\/\/www.ranciliogroup.com\/pt-pt\/podcast-history-of-coffee-no-london-coffee-festival-com-a-rancilio\/#breadcrumb\",\"itemListElement\":[{\"@type\":\"ListItem\",\"position\":1,\"name\":\"Home\",\"item\":\"https:\/\/www.ranciliogroup.com\/pt-pt\/\"},{\"@type\":\"ListItem\",\"position\":2,\"name\":\"Podcast History of Coffee no London Coffee Festival com a Rancilio\"}]},{\"@type\":\"WebSite\",\"@id\":\"https:\/\/www.ranciliogroup.com\/pt-pt\/#website\",\"url\":\"https:\/\/www.ranciliogroup.com\/pt-pt\/\",\"name\":\"Rancilio Group\",\"description\":\"L\u00edder Profissional de M\u00e1quinas de Caf\u00e9\",\"publisher\":{\"@id\":\"https:\/\/www.ranciliogroup.com\/pt-pt\/#organization\"},\"potentialAction\":[{\"@type\":\"SearchAction\",\"target\":{\"@type\":\"EntryPoint\",\"urlTemplate\":\"https:\/\/www.ranciliogroup.com\/pt-pt\/?s={search_term_string}\"},\"query-input\":\"required name=search_term_string\"}],\"inLanguage\":\"pt-PT\"},{\"@type\":\"Organization\",\"@id\":\"https:\/\/www.ranciliogroup.com\/pt-pt\/#organization\",\"name\":\"Rancilio Group\",\"url\":\"https:\/\/www.ranciliogroup.com\/pt-pt\/\",\"logo\":{\"@type\":\"ImageObject\",\"inLanguage\":\"pt-PT\",\"@id\":\"https:\/\/www.ranciliogroup.com\/pt-pt\/#\/schema\/logo\/image\/\",\"url\":\"https:\/\/www.ranciliogroup.com\/app\/uploads\/2019\/07\/rancilio_black_logo.png\",\"contentUrl\":\"https:\/\/www.ranciliogroup.com\/app\/uploads\/2019\/07\/rancilio_black_logo.png\",\"width\":447,\"height\":57,\"caption\":\"Rancilio Group\"},\"image\":{\"@id\":\"https:\/\/www.ranciliogroup.com\/pt-pt\/#\/schema\/logo\/image\/\"},\"sameAs\":[\"https:\/\/www.facebook.com\/RancilioGroup\",\"https:\/\/twitter.com\/ranciliogroup\",\"https:\/\/www.instagram.com\/rancilio_official\/\",\"https:\/\/www.linkedin.com\/company\/ranciliogroup\/\",\"https:\/\/www.youtube.com\/user\/rancilioadmin\"]},{\"@type\":\"Person\",\"@id\":\"https:\/\/www.ranciliogroup.com\/pt-pt\/#\/schema\/person\/d6bf0a7dfe74cded3d64da8b2c92814c\",\"name\":\"temp circular\",\"image\":{\"@type\":\"ImageObject\",\"inLanguage\":\"pt-PT\",\"@id\":\"https:\/\/www.ranciliogroup.com\/pt-pt\/#\/schema\/person\/image\/\",\"url\":\"https:\/\/secure.gravatar.com\/avatar\/569e71c3b97b8bcad1854d6579b35c5f?s=96&d=mm&r=g\",\"contentUrl\":\"https:\/\/secure.gravatar.com\/avatar\/569e71c3b97b8bcad1854d6579b35c5f?s=96&d=mm&r=g\",\"caption\":\"temp circular\"}}]}<\/script>\n<!-- \/ Yoast SEO plugin. -->","yoast_head_json":{"title":"Latest update about Podcast History of Coffee no London Coffee Festival com a Rancilio - Rancilio Group","description":"Read Rancilio Group's latest news about Podcast History of Coffee no London Coffee Festival com a Rancilio","robots":{"index":"index","follow":"follow","max-snippet":"max-snippet:-1","max-image-preview":"max-image-preview:large","max-video-preview":"max-video-preview:-1"},"canonical":"https:\/\/www.ranciliogroup.com\/pt-pt\/podcast-history-of-coffee-no-london-coffee-festival-com-a-rancilio\/","og_locale":"pt_PT","og_type":"article","og_title":"Latest update about Podcast History of Coffee no London Coffee Festival com a Rancilio - Rancilio Group","og_description":"Read Rancilio Group's latest news about Podcast History of Coffee no London Coffee Festival com a Rancilio","og_url":"https:\/\/www.ranciliogroup.com\/pt-pt\/podcast-history-of-coffee-no-london-coffee-festival-com-a-rancilio\/","og_site_name":"Rancilio Group","article_publisher":"https:\/\/www.facebook.com\/RancilioGroup","article_published_time":"2023-04-06T08:26:47+00:00","article_modified_time":"2023-04-12T12:02:00+00:00","og_image":[{"width":1280,"height":720,"url":"https:\/\/www.ranciliogroup.com\/app\/uploads\/2023\/04\/Rancilio-A-History-of-Coffee_web02.jpg","type":"image\/jpeg"}],"author":"temp circular","twitter_card":"summary_large_image","twitter_creator":"@ranciliogroup","twitter_site":"@ranciliogroup","twitter_misc":{"Written by":"temp circular","Est. reading time":"2 minutes"},"schema":{"@context":"https:\/\/schema.org","@graph":[{"@type":"Article","@id":"https:\/\/www.ranciliogroup.com\/pt-pt\/podcast-history-of-coffee-no-london-coffee-festival-com-a-rancilio\/#article","isPartOf":{"@id":"https:\/\/www.ranciliogroup.com\/pt-pt\/podcast-history-of-coffee-no-london-coffee-festival-com-a-rancilio\/"},"author":{"name":"temp circular","@id":"https:\/\/www.ranciliogroup.com\/pt-pt\/#\/schema\/person\/d6bf0a7dfe74cded3d64da8b2c92814c"},"headline":"Podcast History of Coffee no London Coffee Festival com a Rancilio","datePublished":"2023-04-06T08:26:47+00:00","dateModified":"2023-04-12T12:02:00+00:00","mainEntityOfPage":{"@id":"https:\/\/www.ranciliogroup.com\/pt-pt\/podcast-history-of-coffee-no-london-coffee-festival-com-a-rancilio\/"},"wordCount":328,"publisher":{"@id":"https:\/\/www.ranciliogroup.com\/pt-pt\/#organization"},"keywords":["A History of Coffee","London Coffee Festival","Rancilio"],"articleSection":["Eventos"],"inLanguage":"pt-PT"},{"@type":"WebPage","@id":"https:\/\/www.ranciliogroup.com\/pt-pt\/podcast-history-of-coffee-no-london-coffee-festival-com-a-rancilio\/","url":"https:\/\/www.ranciliogroup.com\/pt-pt\/podcast-history-of-coffee-no-london-coffee-festival-com-a-rancilio\/","name":"Latest update about Podcast History of Coffee no London Coffee Festival com a Rancilio - Rancilio Group","isPartOf":{"@id":"https:\/\/www.ranciliogroup.com\/pt-pt\/#website"},"datePublished":"2023-04-06T08:26:47+00:00","dateModified":"2023-04-12T12:02:00+00:00","description":"Read Rancilio Group's latest news about Podcast History of Coffee no London Coffee Festival com a Rancilio","breadcrumb":{"@id":"https:\/\/www.ranciliogroup.com\/pt-pt\/podcast-history-of-coffee-no-london-coffee-festival-com-a-rancilio\/#breadcrumb"},"inLanguage":"pt-PT","potentialAction":[{"@type":"ReadAction","target":["https:\/\/www.ranciliogroup.com\/pt-pt\/podcast-history-of-coffee-no-london-coffee-festival-com-a-rancilio\/"]}]},{"@type":"BreadcrumbList","@id":"https:\/\/www.ranciliogroup.com\/pt-pt\/podcast-history-of-coffee-no-london-coffee-festival-com-a-rancilio\/#breadcrumb","itemListElement":[{"@type":"ListItem","position":1,"name":"Home","item":"https:\/\/www.ranciliogroup.com\/pt-pt\/"},{"@type":"ListItem","position":2,"name":"Podcast History of Coffee no London Coffee Festival com a Rancilio"}]},{"@type":"WebSite","@id":"https:\/\/www.ranciliogroup.com\/pt-pt\/#website","url":"https:\/\/www.ranciliogroup.com\/pt-pt\/","name":"Rancilio Group","description":"L\u00edder Profissional de M\u00e1quinas de Caf\u00e9","publisher":{"@id":"https:\/\/www.ranciliogroup.com\/pt-pt\/#organization"},"potentialAction":[{"@type":"SearchAction","target":{"@type":"EntryPoint","urlTemplate":"https:\/\/www.ranciliogroup.com\/pt-pt\/?s={search_term_string}"},"query-input":"required name=search_term_string"}],"inLanguage":"pt-PT"},{"@type":"Organization","@id":"https:\/\/www.ranciliogroup.com\/pt-pt\/#organization","name":"Rancilio Group","url":"https:\/\/www.ranciliogroup.com\/pt-pt\/","logo":{"@type":"ImageObject","inLanguage":"pt-PT","@id":"https:\/\/www.ranciliogroup.com\/pt-pt\/#\/schema\/logo\/image\/","url":"https:\/\/www.ranciliogroup.com\/app\/uploads\/2019\/07\/rancilio_black_logo.png","contentUrl":"https:\/\/www.ranciliogroup.com\/app\/uploads\/2019\/07\/rancilio_black_logo.png","width":447,"height":57,"caption":"Rancilio Group"},"image":{"@id":"https:\/\/www.ranciliogroup.com\/pt-pt\/#\/schema\/logo\/image\/"},"sameAs":["https:\/\/www.facebook.com\/RancilioGroup","https:\/\/twitter.com\/ranciliogroup","https:\/\/www.instagram.com\/rancilio_official\/","https:\/\/www.linkedin.com\/company\/ranciliogroup\/","https:\/\/www.youtube.com\/user\/rancilioadmin"]},{"@type":"Person","@id":"https:\/\/www.ranciliogroup.com\/pt-pt\/#\/schema\/person\/d6bf0a7dfe74cded3d64da8b2c92814c","name":"temp circular","image":{"@type":"ImageObject","inLanguage":"pt-PT","@id":"https:\/\/www.ranciliogroup.com\/pt-pt\/#\/schema\/person\/image\/","url":"https:\/\/secure.gravatar.com\/avatar\/569e71c3b97b8bcad1854d6579b35c5f?s=96&d=mm&r=g","contentUrl":"https:\/\/secure.gravatar.com\/avatar\/569e71c3b97b8bcad1854d6579b35c5f?s=96&d=mm&r=g","caption":"temp circular"}}]}},"_links":{"self":[{"href":"https:\/\/www.ranciliogroup.com\/pt-pt\/wp-json\/wp\/v2\/posts\/66139"}],"collection":[{"href":"https:\/\/www.ranciliogroup.com\/pt-pt\/wp-json\/wp\/v2\/posts"}],"about":[{"href":"https:\/\/www.ranciliogroup.com\/pt-pt\/wp-json\/wp\/v2\/types\/post"}],"author":[{"embeddable":true,"href":"https:\/\/www.ranciliogroup.com\/pt-pt\/wp-json\/wp\/v2\/users\/5"}],"replies":[{"embeddable":true,"href":"https:\/\/www.ranciliogroup.com\/pt-pt\/wp-json\/wp\/v2\/comments?post=66139"}],"version-history":[{"count":4,"href":"https:\/\/www.ranciliogroup.com\/pt-pt\/wp-json\/wp\/v2\/posts\/66139\/revisions"}],"predecessor-version":[{"id":66205,"href":"https:\/\/www.ranciliogroup.com\/pt-pt\/wp-json\/wp\/v2\/posts\/66139\/revisions\/66205"}],"wp:featuredmedia":[{"embeddable":true,"href":"https:\/\/www.ranciliogroup.com\/pt-pt\/wp-json\/wp\/v2\/media\/66109"}],"wp:attachment":[{"href":"https:\/\/www.ranciliogroup.com\/pt-pt\/wp-json\/wp\/v2\/media?parent=66139"}],"wp:term":[{"taxonomy":"category","embeddable":true,"href":"https:\/\/www.ranciliogroup.com\/pt-pt\/wp-json\/wp\/v2\/categories?post=66139"},{"taxonomy":"post_tag","embeddable":true,"href":"https:\/\/www.ranciliogroup.com\/pt-pt\/wp-json\/wp\/v2\/tags?post=66139"}],"curies":[{"name":"wp","href":"https:\/\/api.w.org\/{rel}","templated":true}]}}