{"id":66403,"date":"2023-04-27T09:33:06","date_gmt":"2023-04-27T07:33:06","guid":{"rendered":"https:\/\/www.ranciliogroup.com\/?p=66403"},"modified":"2023-05-09T09:48:38","modified_gmt":"2023-05-09T07:48:38","slug":"rancilio-apresenta-a-segunda-temporada-do-podcast-a-history-of-coffee-ja-disponivel","status":"publish","type":"post","link":"https:\/\/www.ranciliogroup.com\/pt-pt\/rancilio-apresenta-a-segunda-temporada-do-podcast-a-history-of-coffee-ja-disponivel\/","title":{"rendered":"Rancilio apresenta a segunda temporada do podcast A History of Coffee, j\u00e1 dispon\u00edvel"},"content":{"rendered":"<p>O podcast <em>A History of Coffee<\/em> est\u00e1 de volta para a sua segunda temporada, explorando novas hist\u00f3rias fascinantes sobre caf\u00e9, com conte\u00fados educativos gratuitos oferecidos pela Rancilio.<\/p>\n<p>Os anfitri\u00f5es desta s\u00e9rie &#8211; o documentarista e criador do podcast sobre caf\u00e9 <em>Filter Stories<\/em>, James Harper, e o historiador profissional e autor de <em>Coffee: A Global History <\/em>Professor Jonathan Morris &#8211; est\u00e3o prontos para descobrir a hist\u00f3ria oculta do caf\u00e9 em quatro novos epis\u00f3dios imersivos dedicados a todos os apreciadores de caf\u00e9<em>.<\/em><\/p>\n<p>Desde o seu in\u00edcio, <em>A History of Coffee<\/em> acompanha a hist\u00f3ria de como uma pequena semente psicoativa mudou o mundo e continua a moldar as nossas vidas hoje em dia. A primeira s\u00e9rie foi uma panor\u00e2mica cronol\u00f3gica da hist\u00f3ria do caf\u00e9, com destaque para a sustentabilidade &#8211; social, ambiental e econ\u00f3mica.<\/p>\n<p>Na segunda s\u00e9rie, James Harper e o Professor Jonathan Morris revelam como a inven\u00e7\u00e3o das cafetarias revolucionou as sociedades, porque \u00e9 que o colonialismo, o racismo e o caf\u00e9 fizeram com que o Haiti, outrora pr\u00f3spero, fosse agora pobre, e desmascaram muitos mitos sobre o suposto caso de amor da Am\u00e9rica com o caf\u00e9.<\/p>\n<p>Descubra com a Rancilio como foi criada a venerada cultura italiana do caf\u00e9 expresso, viaje no tempo com a Rancilio at\u00e9 1926 para o nascimento da sua primeira oficina e saiba mais sobre as ideias da Rancilio sobre o futuro do caf\u00e9, num epis\u00f3dio especial dedicado ao caf\u00e9 expresso italiano.<\/p>\n<p>O podcast destina-se a todos os profissionais e entusiastas do caf\u00e9 que querem fazer do caf\u00e9 uma ind\u00fastria mais justa e mais amiga do ambiente. A melhor forma de iniciar esta mudan\u00e7a \u00e9 compreender as hist\u00f3rias e os sistemas que colocam o caf\u00e9 na nossa ch\u00e1vena todas as manh\u00e3s.<\/p>\n<p>A s\u00e9rie \u00e9 lan\u00e7ada na segunda-feira, 17 de abril de 2023, e est\u00e1 dispon\u00edvel no Spotify e no Apple Podcast.<\/p>\n<p>&nbsp;<\/p>\n<p><strong>Sobre os criadores<\/strong><\/p>\n<p><strong><em>James Harper<\/em><\/strong><em> \u00e9 o criador de Filter Stories, um podcast documental que utiliza o nosso caf\u00e9 da manh\u00e3 como uma lente para compreender o mundo. As suas narrativas exploram a hist\u00f3ria, a ci\u00eancia e a sustentabilidade, e \u00e9 ele que escreve a m\u00fasica para piano que serve de pano de fundo \u00e0s hist\u00f3rias. <\/em><\/p>\n<p><em>O<strong> Professor Jonathan Morris <\/strong>\u00e9 Diretor de Pesquisa, Cultura e Ambiente da Universidade de Hertfordshire e Vice-Presidente da Royal Historical Society. \u00c9 o autor de Coffee: A Global History<\/em>.<\/p>\n<p>&nbsp;<\/p>\n<p><strong>Ou\u00e7a agora em<\/strong><\/p>\n<p><a href=\"https:\/\/spoti.fi\/3zRXV0B\">Spotify<\/a><\/p>\n<p>&nbsp;<\/p>\n","protected":false},"excerpt":{"rendered":"<p>O podcast A History of Coffee est\u00e1 de volta para a sua segunda temporada, explorando novas hist\u00f3rias fascinantes sobre caf\u00e9,&#8230;<\/p>\n","protected":false},"author":5,"featured_media":66332,"comment_status":"closed","ping_status":"closed","sticky":false,"template":"","format":"standard","meta":[],"categories":[954,956],"tags":[2955,2919,2834],"acf":[],"yoast_head":"<!-- This site is optimized with the Yoast SEO plugin v21.5 - https:\/\/yoast.com\/wordpress\/plugins\/seo\/ -->\n<title>Latest update about Rancilio apresenta a segunda temporada do podcast A History of Coffee, j\u00e1 dispon\u00edvel - Rancilio Group<\/title>\n<meta name=\"description\" content=\"Read Rancilio Group&#039;s latest news about Rancilio apresenta a segunda temporada do podcast A History of Coffee, j\u00e1 dispon\u00edvel\" \/>\n<meta name=\"robots\" content=\"index, follow, max-snippet:-1, max-image-preview:large, max-video-preview:-1\" \/>\n<link rel=\"canonical\" href=\"https:\/\/www.ranciliogroup.com\/pt-pt\/rancilio-apresenta-a-segunda-temporada-do-podcast-a-history-of-coffee-ja-disponivel\/\" \/>\n<meta property=\"og:locale\" content=\"pt_PT\" \/>\n<meta property=\"og:type\" content=\"article\" \/>\n<meta property=\"og:title\" content=\"Latest update about Rancilio apresenta a segunda temporada do podcast A History of Coffee, j\u00e1 dispon\u00edvel - Rancilio Group\" \/>\n<meta property=\"og:description\" content=\"Read Rancilio Group&#039;s latest news about Rancilio apresenta a segunda temporada do podcast A History of Coffee, j\u00e1 dispon\u00edvel\" \/>\n<meta property=\"og:url\" content=\"https:\/\/www.ranciliogroup.com\/pt-pt\/rancilio-apresenta-a-segunda-temporada-do-podcast-a-history-of-coffee-ja-disponivel\/\" \/>\n<meta property=\"og:site_name\" content=\"Rancilio Group\" \/>\n<meta property=\"article:publisher\" content=\"https:\/\/www.facebook.com\/RancilioGroup\" \/>\n<meta property=\"article:published_time\" content=\"2023-04-27T07:33:06+00:00\" \/>\n<meta property=\"article:modified_time\" content=\"2023-05-09T07:48:38+00:00\" \/>\n<meta property=\"og:image\" content=\"https:\/\/www.ranciliogroup.com\/app\/uploads\/2023\/04\/PODCAST_web.jpg\" \/>\n\t<meta property=\"og:image:width\" content=\"1080\" \/>\n\t<meta property=\"og:image:height\" content=\"720\" \/>\n\t<meta property=\"og:image:type\" content=\"image\/jpeg\" \/>\n<meta name=\"author\" content=\"temp circular\" \/>\n<meta name=\"twitter:card\" content=\"summary_large_image\" \/>\n<meta name=\"twitter:creator\" content=\"@ranciliogroup\" \/>\n<meta name=\"twitter:site\" content=\"@ranciliogroup\" \/>\n<meta name=\"twitter:label1\" content=\"Written by\" \/>\n\t<meta name=\"twitter:data1\" content=\"temp circular\" \/>\n\t<meta name=\"twitter:label2\" content=\"Est. reading time\" \/>\n\t<meta name=\"twitter:data2\" content=\"2 minutes\" \/>\n<script type=\"application\/ld+json\" class=\"yoast-schema-graph\">{\"@context\":\"https:\/\/schema.org\",\"@graph\":[{\"@type\":\"Article\",\"@id\":\"https:\/\/www.ranciliogroup.com\/pt-pt\/rancilio-apresenta-a-segunda-temporada-do-podcast-a-history-of-coffee-ja-disponivel\/#article\",\"isPartOf\":{\"@id\":\"https:\/\/www.ranciliogroup.com\/pt-pt\/rancilio-apresenta-a-segunda-temporada-do-podcast-a-history-of-coffee-ja-disponivel\/\"},\"author\":{\"name\":\"temp circular\",\"@id\":\"https:\/\/www.ranciliogroup.com\/pt-pt\/#\/schema\/person\/d6bf0a7dfe74cded3d64da8b2c92814c\"},\"headline\":\"Rancilio apresenta a segunda temporada do podcast A History of Coffee, j\u00e1 dispon\u00edvel\",\"datePublished\":\"2023-04-27T07:33:06+00:00\",\"dateModified\":\"2023-05-09T07:48:38+00:00\",\"mainEntityOfPage\":{\"@id\":\"https:\/\/www.ranciliogroup.com\/pt-pt\/rancilio-apresenta-a-segunda-temporada-do-podcast-a-history-of-coffee-ja-disponivel\/\"},\"wordCount\":432,\"publisher\":{\"@id\":\"https:\/\/www.ranciliogroup.com\/pt-pt\/#organization\"},\"keywords\":[\"Podcast\",\"A History of Coffee\",\"Rancilio\"],\"articleSection\":[\"Not\u00edcias\",\"Imprensa\"],\"inLanguage\":\"pt-PT\"},{\"@type\":\"WebPage\",\"@id\":\"https:\/\/www.ranciliogroup.com\/pt-pt\/rancilio-apresenta-a-segunda-temporada-do-podcast-a-history-of-coffee-ja-disponivel\/\",\"url\":\"https:\/\/www.ranciliogroup.com\/pt-pt\/rancilio-apresenta-a-segunda-temporada-do-podcast-a-history-of-coffee-ja-disponivel\/\",\"name\":\"Latest update about Rancilio apresenta a segunda temporada do podcast A History of Coffee, j\u00e1 dispon\u00edvel - Rancilio Group\",\"isPartOf\":{\"@id\":\"https:\/\/www.ranciliogroup.com\/pt-pt\/#website\"},\"datePublished\":\"2023-04-27T07:33:06+00:00\",\"dateModified\":\"2023-05-09T07:48:38+00:00\",\"description\":\"Read Rancilio Group's latest news about Rancilio apresenta a segunda temporada do podcast A History of Coffee, j\u00e1 dispon\u00edvel\",\"breadcrumb\":{\"@id\":\"https:\/\/www.ranciliogroup.com\/pt-pt\/rancilio-apresenta-a-segunda-temporada-do-podcast-a-history-of-coffee-ja-disponivel\/#breadcrumb\"},\"inLanguage\":\"pt-PT\",\"potentialAction\":[{\"@type\":\"ReadAction\",\"target\":[\"https:\/\/www.ranciliogroup.com\/pt-pt\/rancilio-apresenta-a-segunda-temporada-do-podcast-a-history-of-coffee-ja-disponivel\/\"]}]},{\"@type\":\"BreadcrumbList\",\"@id\":\"https:\/\/www.ranciliogroup.com\/pt-pt\/rancilio-apresenta-a-segunda-temporada-do-podcast-a-history-of-coffee-ja-disponivel\/#breadcrumb\",\"itemListElement\":[{\"@type\":\"ListItem\",\"position\":1,\"name\":\"Home\",\"item\":\"https:\/\/www.ranciliogroup.com\/pt-pt\/\"},{\"@type\":\"ListItem\",\"position\":2,\"name\":\"Rancilio apresenta a segunda temporada do podcast A History of Coffee, j\u00e1 dispon\u00edvel\"}]},{\"@type\":\"WebSite\",\"@id\":\"https:\/\/www.ranciliogroup.com\/pt-pt\/#website\",\"url\":\"https:\/\/www.ranciliogroup.com\/pt-pt\/\",\"name\":\"Rancilio Group\",\"description\":\"L\u00edder Profissional de M\u00e1quinas de Caf\u00e9\",\"publisher\":{\"@id\":\"https:\/\/www.ranciliogroup.com\/pt-pt\/#organization\"},\"potentialAction\":[{\"@type\":\"SearchAction\",\"target\":{\"@type\":\"EntryPoint\",\"urlTemplate\":\"https:\/\/www.ranciliogroup.com\/pt-pt\/?s={search_term_string}\"},\"query-input\":\"required name=search_term_string\"}],\"inLanguage\":\"pt-PT\"},{\"@type\":\"Organization\",\"@id\":\"https:\/\/www.ranciliogroup.com\/pt-pt\/#organization\",\"name\":\"Rancilio Group\",\"url\":\"https:\/\/www.ranciliogroup.com\/pt-pt\/\",\"logo\":{\"@type\":\"ImageObject\",\"inLanguage\":\"pt-PT\",\"@id\":\"https:\/\/www.ranciliogroup.com\/pt-pt\/#\/schema\/logo\/image\/\",\"url\":\"https:\/\/www.ranciliogroup.com\/app\/uploads\/2019\/07\/rancilio_black_logo.png\",\"contentUrl\":\"https:\/\/www.ranciliogroup.com\/app\/uploads\/2019\/07\/rancilio_black_logo.png\",\"width\":447,\"height\":57,\"caption\":\"Rancilio Group\"},\"image\":{\"@id\":\"https:\/\/www.ranciliogroup.com\/pt-pt\/#\/schema\/logo\/image\/\"},\"sameAs\":[\"https:\/\/www.facebook.com\/RancilioGroup\",\"https:\/\/twitter.com\/ranciliogroup\",\"https:\/\/www.instagram.com\/rancilio_official\/\",\"https:\/\/www.linkedin.com\/company\/ranciliogroup\/\",\"https:\/\/www.youtube.com\/user\/rancilioadmin\"]},{\"@type\":\"Person\",\"@id\":\"https:\/\/www.ranciliogroup.com\/pt-pt\/#\/schema\/person\/d6bf0a7dfe74cded3d64da8b2c92814c\",\"name\":\"temp circular\",\"image\":{\"@type\":\"ImageObject\",\"inLanguage\":\"pt-PT\",\"@id\":\"https:\/\/www.ranciliogroup.com\/pt-pt\/#\/schema\/person\/image\/\",\"url\":\"https:\/\/secure.gravatar.com\/avatar\/569e71c3b97b8bcad1854d6579b35c5f?s=96&d=mm&r=g\",\"contentUrl\":\"https:\/\/secure.gravatar.com\/avatar\/569e71c3b97b8bcad1854d6579b35c5f?s=96&d=mm&r=g\",\"caption\":\"temp circular\"}}]}<\/script>\n<!-- \/ Yoast SEO plugin. -->","yoast_head_json":{"title":"Latest update about Rancilio apresenta a segunda temporada do podcast A History of Coffee, j\u00e1 dispon\u00edvel - Rancilio Group","description":"Read Rancilio Group's latest news about Rancilio apresenta a segunda temporada do podcast A History of Coffee, j\u00e1 dispon\u00edvel","robots":{"index":"index","follow":"follow","max-snippet":"max-snippet:-1","max-image-preview":"max-image-preview:large","max-video-preview":"max-video-preview:-1"},"canonical":"https:\/\/www.ranciliogroup.com\/pt-pt\/rancilio-apresenta-a-segunda-temporada-do-podcast-a-history-of-coffee-ja-disponivel\/","og_locale":"pt_PT","og_type":"article","og_title":"Latest update about Rancilio apresenta a segunda temporada do podcast A History of Coffee, j\u00e1 dispon\u00edvel - Rancilio Group","og_description":"Read Rancilio Group's latest news about Rancilio apresenta a segunda temporada do podcast A History of Coffee, j\u00e1 dispon\u00edvel","og_url":"https:\/\/www.ranciliogroup.com\/pt-pt\/rancilio-apresenta-a-segunda-temporada-do-podcast-a-history-of-coffee-ja-disponivel\/","og_site_name":"Rancilio Group","article_publisher":"https:\/\/www.facebook.com\/RancilioGroup","article_published_time":"2023-04-27T07:33:06+00:00","article_modified_time":"2023-05-09T07:48:38+00:00","og_image":[{"width":1080,"height":720,"url":"https:\/\/www.ranciliogroup.com\/app\/uploads\/2023\/04\/PODCAST_web.jpg","type":"image\/jpeg"}],"author":"temp circular","twitter_card":"summary_large_image","twitter_creator":"@ranciliogroup","twitter_site":"@ranciliogroup","twitter_misc":{"Written by":"temp circular","Est. reading time":"2 minutes"},"schema":{"@context":"https:\/\/schema.org","@graph":[{"@type":"Article","@id":"https:\/\/www.ranciliogroup.com\/pt-pt\/rancilio-apresenta-a-segunda-temporada-do-podcast-a-history-of-coffee-ja-disponivel\/#article","isPartOf":{"@id":"https:\/\/www.ranciliogroup.com\/pt-pt\/rancilio-apresenta-a-segunda-temporada-do-podcast-a-history-of-coffee-ja-disponivel\/"},"author":{"name":"temp circular","@id":"https:\/\/www.ranciliogroup.com\/pt-pt\/#\/schema\/person\/d6bf0a7dfe74cded3d64da8b2c92814c"},"headline":"Rancilio apresenta a segunda temporada do podcast A History of Coffee, j\u00e1 dispon\u00edvel","datePublished":"2023-04-27T07:33:06+00:00","dateModified":"2023-05-09T07:48:38+00:00","mainEntityOfPage":{"@id":"https:\/\/www.ranciliogroup.com\/pt-pt\/rancilio-apresenta-a-segunda-temporada-do-podcast-a-history-of-coffee-ja-disponivel\/"},"wordCount":432,"publisher":{"@id":"https:\/\/www.ranciliogroup.com\/pt-pt\/#organization"},"keywords":["Podcast","A History of Coffee","Rancilio"],"articleSection":["Not\u00edcias","Imprensa"],"inLanguage":"pt-PT"},{"@type":"WebPage","@id":"https:\/\/www.ranciliogroup.com\/pt-pt\/rancilio-apresenta-a-segunda-temporada-do-podcast-a-history-of-coffee-ja-disponivel\/","url":"https:\/\/www.ranciliogroup.com\/pt-pt\/rancilio-apresenta-a-segunda-temporada-do-podcast-a-history-of-coffee-ja-disponivel\/","name":"Latest update about Rancilio apresenta a segunda temporada do podcast A History of Coffee, j\u00e1 dispon\u00edvel - Rancilio Group","isPartOf":{"@id":"https:\/\/www.ranciliogroup.com\/pt-pt\/#website"},"datePublished":"2023-04-27T07:33:06+00:00","dateModified":"2023-05-09T07:48:38+00:00","description":"Read Rancilio Group's latest news about Rancilio apresenta a segunda temporada do podcast A History of Coffee, j\u00e1 dispon\u00edvel","breadcrumb":{"@id":"https:\/\/www.ranciliogroup.com\/pt-pt\/rancilio-apresenta-a-segunda-temporada-do-podcast-a-history-of-coffee-ja-disponivel\/#breadcrumb"},"inLanguage":"pt-PT","potentialAction":[{"@type":"ReadAction","target":["https:\/\/www.ranciliogroup.com\/pt-pt\/rancilio-apresenta-a-segunda-temporada-do-podcast-a-history-of-coffee-ja-disponivel\/"]}]},{"@type":"BreadcrumbList","@id":"https:\/\/www.ranciliogroup.com\/pt-pt\/rancilio-apresenta-a-segunda-temporada-do-podcast-a-history-of-coffee-ja-disponivel\/#breadcrumb","itemListElement":[{"@type":"ListItem","position":1,"name":"Home","item":"https:\/\/www.ranciliogroup.com\/pt-pt\/"},{"@type":"ListItem","position":2,"name":"Rancilio apresenta a segunda temporada do podcast A History of Coffee, j\u00e1 dispon\u00edvel"}]},{"@type":"WebSite","@id":"https:\/\/www.ranciliogroup.com\/pt-pt\/#website","url":"https:\/\/www.ranciliogroup.com\/pt-pt\/","name":"Rancilio Group","description":"L\u00edder Profissional de M\u00e1quinas de Caf\u00e9","publisher":{"@id":"https:\/\/www.ranciliogroup.com\/pt-pt\/#organization"},"potentialAction":[{"@type":"SearchAction","target":{"@type":"EntryPoint","urlTemplate":"https:\/\/www.ranciliogroup.com\/pt-pt\/?s={search_term_string}"},"query-input":"required name=search_term_string"}],"inLanguage":"pt-PT"},{"@type":"Organization","@id":"https:\/\/www.ranciliogroup.com\/pt-pt\/#organization","name":"Rancilio Group","url":"https:\/\/www.ranciliogroup.com\/pt-pt\/","logo":{"@type":"ImageObject","inLanguage":"pt-PT","@id":"https:\/\/www.ranciliogroup.com\/pt-pt\/#\/schema\/logo\/image\/","url":"https:\/\/www.ranciliogroup.com\/app\/uploads\/2019\/07\/rancilio_black_logo.png","contentUrl":"https:\/\/www.ranciliogroup.com\/app\/uploads\/2019\/07\/rancilio_black_logo.png","width":447,"height":57,"caption":"Rancilio Group"},"image":{"@id":"https:\/\/www.ranciliogroup.com\/pt-pt\/#\/schema\/logo\/image\/"},"sameAs":["https:\/\/www.facebook.com\/RancilioGroup","https:\/\/twitter.com\/ranciliogroup","https:\/\/www.instagram.com\/rancilio_official\/","https:\/\/www.linkedin.com\/company\/ranciliogroup\/","https:\/\/www.youtube.com\/user\/rancilioadmin"]},{"@type":"Person","@id":"https:\/\/www.ranciliogroup.com\/pt-pt\/#\/schema\/person\/d6bf0a7dfe74cded3d64da8b2c92814c","name":"temp circular","image":{"@type":"ImageObject","inLanguage":"pt-PT","@id":"https:\/\/www.ranciliogroup.com\/pt-pt\/#\/schema\/person\/image\/","url":"https:\/\/secure.gravatar.com\/avatar\/569e71c3b97b8bcad1854d6579b35c5f?s=96&d=mm&r=g","contentUrl":"https:\/\/secure.gravatar.com\/avatar\/569e71c3b97b8bcad1854d6579b35c5f?s=96&d=mm&r=g","caption":"temp circular"}}]}},"_links":{"self":[{"href":"https:\/\/www.ranciliogroup.com\/pt-pt\/wp-json\/wp\/v2\/posts\/66403"}],"collection":[{"href":"https:\/\/www.ranciliogroup.com\/pt-pt\/wp-json\/wp\/v2\/posts"}],"about":[{"href":"https:\/\/www.ranciliogroup.com\/pt-pt\/wp-json\/wp\/v2\/types\/post"}],"author":[{"embeddable":true,"href":"https:\/\/www.ranciliogroup.com\/pt-pt\/wp-json\/wp\/v2\/users\/5"}],"replies":[{"embeddable":true,"href":"https:\/\/www.ranciliogroup.com\/pt-pt\/wp-json\/wp\/v2\/comments?post=66403"}],"version-history":[{"count":1,"href":"https:\/\/www.ranciliogroup.com\/pt-pt\/wp-json\/wp\/v2\/posts\/66403\/revisions"}],"predecessor-version":[{"id":66404,"href":"https:\/\/www.ranciliogroup.com\/pt-pt\/wp-json\/wp\/v2\/posts\/66403\/revisions\/66404"}],"wp:featuredmedia":[{"embeddable":true,"href":"https:\/\/www.ranciliogroup.com\/pt-pt\/wp-json\/wp\/v2\/media\/66332"}],"wp:attachment":[{"href":"https:\/\/www.ranciliogroup.com\/pt-pt\/wp-json\/wp\/v2\/media?parent=66403"}],"wp:term":[{"taxonomy":"category","embeddable":true,"href":"https:\/\/www.ranciliogroup.com\/pt-pt\/wp-json\/wp\/v2\/categories?post=66403"},{"taxonomy":"post_tag","embeddable":true,"href":"https:\/\/www.ranciliogroup.com\/pt-pt\/wp-json\/wp\/v2\/tags?post=66403"}],"curies":[{"name":"wp","href":"https:\/\/api.w.org\/{rel}","templated":true}]}}