{"id":71126,"date":"2023-09-22T10:55:49","date_gmt":"2023-09-22T08:55:49","guid":{"rendered":"https:\/\/www.ranciliogroup.com\/?p=71126"},"modified":"2023-09-22T10:55:49","modified_gmt":"2023-09-22T08:55:49","slug":"rancilio-group-no-f%cf%8crum-coffee-festival","status":"publish","type":"post","link":"https:\/\/www.ranciliogroup.com\/pt-pt\/rancilio-group-no-f%cf%8crum-coffee-festival\/","title":{"rendered":"Rancilio Group no F\u03ccrum Coffee Festival"},"content":{"rendered":"<p>De 29 de setembro a 1 de outubro, o F\u03ccrum Coffee Festival ir\u00e1 conquistar La Farga de l&#8217;Hospitalet, em Barcelona.<\/p>\n<p>A equipa do Rancilio Group Iberia est\u00e1 entusiasmada por se encontrar com os visitantes da pr\u00f3xima exposi\u00e7\u00e3o, onde ir\u00e1 apresentar as \u00faltimas inova\u00e7\u00f5es da marca. Isto inclui a nov\u00edssima Classe 5 Eco, a m\u00e1quina de caf\u00e9 com efici\u00eancia energ\u00e9tica, e o moinho profissional Bond. A Egro Next est\u00e1 igualmente entusiasmada em dar as boas-vindas a todos os entusiastas do caf\u00e9 interessados em m\u00e1quinas de caf\u00e9 totalmente autom\u00e1ticas e na sua capacidade de fornecer resultados de alta qualidade para uma vasta gama de bebidas \u00e0 base de caf\u00e9, leite e p\u00f3.<\/p>\n<p>No contexto desta atmosfera vibrante, Carlos Gonz\u00e1lez &#8211; Coffee Competence &amp; Product Manager do Rancilio Group &#8211; ir\u00e1 mergulhar no mundo da extra\u00e7\u00e3o do caf\u00e9 expresso num workshop envolvente intitulado &#8220;Temperature Profiling&#8221;. Neste, os participantes ser\u00e3o guiados atrav\u00e9s de uma viagem sensorial, na companhia da m\u00e1quina de caf\u00e9 profissional Rancilio Specialty RS1, com um foco espec\u00edfico nos perfis de temperatura e no seu profundo impacto na perce\u00e7\u00e3o sensorial.<\/p>\n<p>Al\u00e9m disso, Carlos conduzir\u00e1 uma sess\u00e3o especial dedicada a elucidar os par\u00e2metros-chave que definem o caf\u00e9 expresso perfeito, tudo de acordo com as diretrizes do IIAC. Estas sess\u00f5es iluminantes est\u00e3o agendadas para sexta-feira, 29 de setembro.<\/p>\n<p>O Festival foi concebido tanto para os entusiastas do caf\u00e9 como para os profissionais do setor, e pretende ser o derradeiro ponto de encontro de todos os intervenientes na cadeia de valor do caf\u00e9, desde os dedicados produtores at\u00e9 aos maiores conhecedores de caf\u00e9.<\/p>\n<p><strong>\u00a0<\/strong><\/p>\n<p><strong>F<\/strong><strong>\u03cc<\/strong><strong>rum Coffee Festival | Rancilio Group<\/strong><br \/>\nDe 29 de setembro a 1 de outubro<br \/>\nStand Aa15\/17<br \/>\n<a href=\"https:\/\/www.google.com\/maps\/place\/La+Farga\/@41.3632779,2.1021954,17z\/data=!3m2!4b1!5s0x12a498df5f99fe85:0x196c88fc4c34f0f4!4m6!3m5!1s0x12a499202557756f:0x40eeb809de29a334!8m2!3d41.3632739!4d2.1047703!16s%2Fg%2F11dxc0gcv0?entry=ttu\">La Farga de l\u2019Hospitalet<\/a><\/p>\n<p>Carrer de Barcelona num.2<br \/>\n08901 L&#8217;Hospitalet de Llobregat<br \/>\nBarcelona, Espanha<\/p>\n<p>&nbsp;<\/p>\n<p><strong><u>Workshop \u201cEspresso IIAC\u201d<\/u><\/strong><br \/>\n@ Auditorium<br \/>\nSexta-feira, 29 de setembro<br \/>\nDas 11h00 \u00e0s 11h45<\/p>\n<p>&nbsp;<\/p>\n<p><strong><u>Workshop \u201cTemperature Profiling\u201d<\/u><\/strong><br \/>\n@ Workshop Room<br \/>\nSexta-feira, 29 de setembro<br \/>\nDas 13h00 \u00e0s 15h00<\/p>\n","protected":false},"excerpt":{"rendered":"<p>De 29 de setembro a 1 de outubro, o F\u03ccrum Coffee Festival ir\u00e1 conquistar La Farga de l&#8217;Hospitalet, em Barcelona&#8230;.<\/p>\n","protected":false},"author":5,"featured_media":71097,"comment_status":"closed","ping_status":"closed","sticky":false,"template":"","format":"standard","meta":[],"categories":[1958],"tags":[3168,2689,2605],"acf":[],"yoast_head":"<!-- This site is optimized with the Yoast SEO plugin v21.5 - https:\/\/yoast.com\/wordpress\/plugins\/seo\/ -->\n<title>Latest update about Rancilio Group no F\u03ccrum Coffee Festival - Rancilio Group<\/title>\n<meta name=\"description\" content=\"Read Rancilio Group&#039;s latest news about Rancilio Group no F\u03ccrum Coffee Festival\" \/>\n<meta name=\"robots\" content=\"index, follow, max-snippet:-1, max-image-preview:large, max-video-preview:-1\" \/>\n<link rel=\"canonical\" href=\"https:\/\/www.ranciliogroup.com\/pt-pt\/rancilio-group-no-f%cf%8crum-coffee-festival\/\" \/>\n<meta property=\"og:locale\" content=\"pt_PT\" \/>\n<meta property=\"og:type\" content=\"article\" \/>\n<meta property=\"og:title\" content=\"Latest update about Rancilio Group no F\u03ccrum Coffee Festival - Rancilio Group\" \/>\n<meta property=\"og:description\" content=\"Read Rancilio Group&#039;s latest news about Rancilio Group no F\u03ccrum Coffee Festival\" \/>\n<meta property=\"og:url\" content=\"https:\/\/www.ranciliogroup.com\/pt-pt\/rancilio-group-no-f%cf%8crum-coffee-festival\/\" \/>\n<meta property=\"og:site_name\" content=\"Rancilio Group\" \/>\n<meta property=\"article:publisher\" content=\"https:\/\/www.facebook.com\/RancilioGroup\" \/>\n<meta property=\"article:published_time\" content=\"2023-09-22T08:55:49+00:00\" \/>\n<meta property=\"og:image\" content=\"https:\/\/www.ranciliogroup.com\/app\/uploads\/2023\/09\/rancilio-group-forum-coffee-festival.jpg\" \/>\n\t<meta property=\"og:image:width\" content=\"1080\" \/>\n\t<meta property=\"og:image:height\" content=\"720\" \/>\n\t<meta property=\"og:image:type\" content=\"image\/jpeg\" \/>\n<meta name=\"author\" content=\"temp circular\" \/>\n<meta name=\"twitter:card\" content=\"summary_large_image\" \/>\n<meta name=\"twitter:creator\" content=\"@ranciliogroup\" \/>\n<meta name=\"twitter:site\" content=\"@ranciliogroup\" \/>\n<meta name=\"twitter:label1\" content=\"Written by\" \/>\n\t<meta name=\"twitter:data1\" content=\"temp circular\" \/>\n\t<meta name=\"twitter:label2\" content=\"Est. reading time\" \/>\n\t<meta name=\"twitter:data2\" content=\"2 minutes\" \/>\n<script type=\"application\/ld+json\" class=\"yoast-schema-graph\">{\"@context\":\"https:\/\/schema.org\",\"@graph\":[{\"@type\":\"Article\",\"@id\":\"https:\/\/www.ranciliogroup.com\/pt-pt\/rancilio-group-no-f%cf%8crum-coffee-festival\/#article\",\"isPartOf\":{\"@id\":\"https:\/\/www.ranciliogroup.com\/pt-pt\/rancilio-group-no-f%cf%8crum-coffee-festival\/\"},\"author\":{\"name\":\"temp circular\",\"@id\":\"https:\/\/www.ranciliogroup.com\/pt-pt\/#\/schema\/person\/d6bf0a7dfe74cded3d64da8b2c92814c\"},\"headline\":\"Rancilio Group no F\u03ccrum Coffee Festival\",\"datePublished\":\"2023-09-22T08:55:49+00:00\",\"dateModified\":\"2023-09-22T08:55:49+00:00\",\"mainEntityOfPage\":{\"@id\":\"https:\/\/www.ranciliogroup.com\/pt-pt\/rancilio-group-no-f%cf%8crum-coffee-festival\/\"},\"wordCount\":335,\"publisher\":{\"@id\":\"https:\/\/www.ranciliogroup.com\/pt-pt\/#organization\"},\"keywords\":[\"Bond\",\"Next\",\"RS1\"],\"articleSection\":[\"Eventos\"],\"inLanguage\":\"pt-PT\"},{\"@type\":\"WebPage\",\"@id\":\"https:\/\/www.ranciliogroup.com\/pt-pt\/rancilio-group-no-f%cf%8crum-coffee-festival\/\",\"url\":\"https:\/\/www.ranciliogroup.com\/pt-pt\/rancilio-group-no-f%cf%8crum-coffee-festival\/\",\"name\":\"Latest update about Rancilio Group no F\u03ccrum Coffee Festival - Rancilio Group\",\"isPartOf\":{\"@id\":\"https:\/\/www.ranciliogroup.com\/pt-pt\/#website\"},\"datePublished\":\"2023-09-22T08:55:49+00:00\",\"dateModified\":\"2023-09-22T08:55:49+00:00\",\"description\":\"Read Rancilio Group's latest news about Rancilio Group no F\u03ccrum Coffee Festival\",\"breadcrumb\":{\"@id\":\"https:\/\/www.ranciliogroup.com\/pt-pt\/rancilio-group-no-f%cf%8crum-coffee-festival\/#breadcrumb\"},\"inLanguage\":\"pt-PT\",\"potentialAction\":[{\"@type\":\"ReadAction\",\"target\":[\"https:\/\/www.ranciliogroup.com\/pt-pt\/rancilio-group-no-f%cf%8crum-coffee-festival\/\"]}]},{\"@type\":\"BreadcrumbList\",\"@id\":\"https:\/\/www.ranciliogroup.com\/pt-pt\/rancilio-group-no-f%cf%8crum-coffee-festival\/#breadcrumb\",\"itemListElement\":[{\"@type\":\"ListItem\",\"position\":1,\"name\":\"Home\",\"item\":\"https:\/\/www.ranciliogroup.com\/pt-pt\/\"},{\"@type\":\"ListItem\",\"position\":2,\"name\":\"Rancilio Group no F\u03ccrum Coffee Festival\"}]},{\"@type\":\"WebSite\",\"@id\":\"https:\/\/www.ranciliogroup.com\/pt-pt\/#website\",\"url\":\"https:\/\/www.ranciliogroup.com\/pt-pt\/\",\"name\":\"Rancilio Group\",\"description\":\"L\u00edder Profissional de M\u00e1quinas de Caf\u00e9\",\"publisher\":{\"@id\":\"https:\/\/www.ranciliogroup.com\/pt-pt\/#organization\"},\"potentialAction\":[{\"@type\":\"SearchAction\",\"target\":{\"@type\":\"EntryPoint\",\"urlTemplate\":\"https:\/\/www.ranciliogroup.com\/pt-pt\/?s={search_term_string}\"},\"query-input\":\"required name=search_term_string\"}],\"inLanguage\":\"pt-PT\"},{\"@type\":\"Organization\",\"@id\":\"https:\/\/www.ranciliogroup.com\/pt-pt\/#organization\",\"name\":\"Rancilio Group\",\"url\":\"https:\/\/www.ranciliogroup.com\/pt-pt\/\",\"logo\":{\"@type\":\"ImageObject\",\"inLanguage\":\"pt-PT\",\"@id\":\"https:\/\/www.ranciliogroup.com\/pt-pt\/#\/schema\/logo\/image\/\",\"url\":\"https:\/\/www.ranciliogroup.com\/app\/uploads\/2019\/07\/rancilio_black_logo.png\",\"contentUrl\":\"https:\/\/www.ranciliogroup.com\/app\/uploads\/2019\/07\/rancilio_black_logo.png\",\"width\":447,\"height\":57,\"caption\":\"Rancilio Group\"},\"image\":{\"@id\":\"https:\/\/www.ranciliogroup.com\/pt-pt\/#\/schema\/logo\/image\/\"},\"sameAs\":[\"https:\/\/www.facebook.com\/RancilioGroup\",\"https:\/\/twitter.com\/ranciliogroup\",\"https:\/\/www.instagram.com\/rancilio_official\/\",\"https:\/\/www.linkedin.com\/company\/ranciliogroup\/\",\"https:\/\/www.youtube.com\/user\/rancilioadmin\"]},{\"@type\":\"Person\",\"@id\":\"https:\/\/www.ranciliogroup.com\/pt-pt\/#\/schema\/person\/d6bf0a7dfe74cded3d64da8b2c92814c\",\"name\":\"temp circular\",\"image\":{\"@type\":\"ImageObject\",\"inLanguage\":\"pt-PT\",\"@id\":\"https:\/\/www.ranciliogroup.com\/pt-pt\/#\/schema\/person\/image\/\",\"url\":\"https:\/\/secure.gravatar.com\/avatar\/569e71c3b97b8bcad1854d6579b35c5f?s=96&d=mm&r=g\",\"contentUrl\":\"https:\/\/secure.gravatar.com\/avatar\/569e71c3b97b8bcad1854d6579b35c5f?s=96&d=mm&r=g\",\"caption\":\"temp circular\"}}]}<\/script>\n<!-- \/ Yoast SEO plugin. -->","yoast_head_json":{"title":"Latest update about Rancilio Group no F\u03ccrum Coffee Festival - Rancilio Group","description":"Read Rancilio Group's latest news about Rancilio Group no F\u03ccrum Coffee Festival","robots":{"index":"index","follow":"follow","max-snippet":"max-snippet:-1","max-image-preview":"max-image-preview:large","max-video-preview":"max-video-preview:-1"},"canonical":"https:\/\/www.ranciliogroup.com\/pt-pt\/rancilio-group-no-f%cf%8crum-coffee-festival\/","og_locale":"pt_PT","og_type":"article","og_title":"Latest update about Rancilio Group no F\u03ccrum Coffee Festival - Rancilio Group","og_description":"Read Rancilio Group's latest news about Rancilio Group no F\u03ccrum Coffee Festival","og_url":"https:\/\/www.ranciliogroup.com\/pt-pt\/rancilio-group-no-f%cf%8crum-coffee-festival\/","og_site_name":"Rancilio Group","article_publisher":"https:\/\/www.facebook.com\/RancilioGroup","article_published_time":"2023-09-22T08:55:49+00:00","og_image":[{"width":1080,"height":720,"url":"https:\/\/www.ranciliogroup.com\/app\/uploads\/2023\/09\/rancilio-group-forum-coffee-festival.jpg","type":"image\/jpeg"}],"author":"temp circular","twitter_card":"summary_large_image","twitter_creator":"@ranciliogroup","twitter_site":"@ranciliogroup","twitter_misc":{"Written by":"temp circular","Est. reading time":"2 minutes"},"schema":{"@context":"https:\/\/schema.org","@graph":[{"@type":"Article","@id":"https:\/\/www.ranciliogroup.com\/pt-pt\/rancilio-group-no-f%cf%8crum-coffee-festival\/#article","isPartOf":{"@id":"https:\/\/www.ranciliogroup.com\/pt-pt\/rancilio-group-no-f%cf%8crum-coffee-festival\/"},"author":{"name":"temp circular","@id":"https:\/\/www.ranciliogroup.com\/pt-pt\/#\/schema\/person\/d6bf0a7dfe74cded3d64da8b2c92814c"},"headline":"Rancilio Group no F\u03ccrum Coffee Festival","datePublished":"2023-09-22T08:55:49+00:00","dateModified":"2023-09-22T08:55:49+00:00","mainEntityOfPage":{"@id":"https:\/\/www.ranciliogroup.com\/pt-pt\/rancilio-group-no-f%cf%8crum-coffee-festival\/"},"wordCount":335,"publisher":{"@id":"https:\/\/www.ranciliogroup.com\/pt-pt\/#organization"},"keywords":["Bond","Next","RS1"],"articleSection":["Eventos"],"inLanguage":"pt-PT"},{"@type":"WebPage","@id":"https:\/\/www.ranciliogroup.com\/pt-pt\/rancilio-group-no-f%cf%8crum-coffee-festival\/","url":"https:\/\/www.ranciliogroup.com\/pt-pt\/rancilio-group-no-f%cf%8crum-coffee-festival\/","name":"Latest update about Rancilio Group no F\u03ccrum Coffee Festival - Rancilio Group","isPartOf":{"@id":"https:\/\/www.ranciliogroup.com\/pt-pt\/#website"},"datePublished":"2023-09-22T08:55:49+00:00","dateModified":"2023-09-22T08:55:49+00:00","description":"Read Rancilio Group's latest news about Rancilio Group no F\u03ccrum Coffee Festival","breadcrumb":{"@id":"https:\/\/www.ranciliogroup.com\/pt-pt\/rancilio-group-no-f%cf%8crum-coffee-festival\/#breadcrumb"},"inLanguage":"pt-PT","potentialAction":[{"@type":"ReadAction","target":["https:\/\/www.ranciliogroup.com\/pt-pt\/rancilio-group-no-f%cf%8crum-coffee-festival\/"]}]},{"@type":"BreadcrumbList","@id":"https:\/\/www.ranciliogroup.com\/pt-pt\/rancilio-group-no-f%cf%8crum-coffee-festival\/#breadcrumb","itemListElement":[{"@type":"ListItem","position":1,"name":"Home","item":"https:\/\/www.ranciliogroup.com\/pt-pt\/"},{"@type":"ListItem","position":2,"name":"Rancilio Group no F\u03ccrum Coffee Festival"}]},{"@type":"WebSite","@id":"https:\/\/www.ranciliogroup.com\/pt-pt\/#website","url":"https:\/\/www.ranciliogroup.com\/pt-pt\/","name":"Rancilio Group","description":"L\u00edder Profissional de M\u00e1quinas de Caf\u00e9","publisher":{"@id":"https:\/\/www.ranciliogroup.com\/pt-pt\/#organization"},"potentialAction":[{"@type":"SearchAction","target":{"@type":"EntryPoint","urlTemplate":"https:\/\/www.ranciliogroup.com\/pt-pt\/?s={search_term_string}"},"query-input":"required name=search_term_string"}],"inLanguage":"pt-PT"},{"@type":"Organization","@id":"https:\/\/www.ranciliogroup.com\/pt-pt\/#organization","name":"Rancilio Group","url":"https:\/\/www.ranciliogroup.com\/pt-pt\/","logo":{"@type":"ImageObject","inLanguage":"pt-PT","@id":"https:\/\/www.ranciliogroup.com\/pt-pt\/#\/schema\/logo\/image\/","url":"https:\/\/www.ranciliogroup.com\/app\/uploads\/2019\/07\/rancilio_black_logo.png","contentUrl":"https:\/\/www.ranciliogroup.com\/app\/uploads\/2019\/07\/rancilio_black_logo.png","width":447,"height":57,"caption":"Rancilio Group"},"image":{"@id":"https:\/\/www.ranciliogroup.com\/pt-pt\/#\/schema\/logo\/image\/"},"sameAs":["https:\/\/www.facebook.com\/RancilioGroup","https:\/\/twitter.com\/ranciliogroup","https:\/\/www.instagram.com\/rancilio_official\/","https:\/\/www.linkedin.com\/company\/ranciliogroup\/","https:\/\/www.youtube.com\/user\/rancilioadmin"]},{"@type":"Person","@id":"https:\/\/www.ranciliogroup.com\/pt-pt\/#\/schema\/person\/d6bf0a7dfe74cded3d64da8b2c92814c","name":"temp circular","image":{"@type":"ImageObject","inLanguage":"pt-PT","@id":"https:\/\/www.ranciliogroup.com\/pt-pt\/#\/schema\/person\/image\/","url":"https:\/\/secure.gravatar.com\/avatar\/569e71c3b97b8bcad1854d6579b35c5f?s=96&d=mm&r=g","contentUrl":"https:\/\/secure.gravatar.com\/avatar\/569e71c3b97b8bcad1854d6579b35c5f?s=96&d=mm&r=g","caption":"temp circular"}}]}},"_links":{"self":[{"href":"https:\/\/www.ranciliogroup.com\/pt-pt\/wp-json\/wp\/v2\/posts\/71126"}],"collection":[{"href":"https:\/\/www.ranciliogroup.com\/pt-pt\/wp-json\/wp\/v2\/posts"}],"about":[{"href":"https:\/\/www.ranciliogroup.com\/pt-pt\/wp-json\/wp\/v2\/types\/post"}],"author":[{"embeddable":true,"href":"https:\/\/www.ranciliogroup.com\/pt-pt\/wp-json\/wp\/v2\/users\/5"}],"replies":[{"embeddable":true,"href":"https:\/\/www.ranciliogroup.com\/pt-pt\/wp-json\/wp\/v2\/comments?post=71126"}],"version-history":[{"count":2,"href":"https:\/\/www.ranciliogroup.com\/pt-pt\/wp-json\/wp\/v2\/posts\/71126\/revisions"}],"predecessor-version":[{"id":71128,"href":"https:\/\/www.ranciliogroup.com\/pt-pt\/wp-json\/wp\/v2\/posts\/71126\/revisions\/71128"}],"wp:featuredmedia":[{"embeddable":true,"href":"https:\/\/www.ranciliogroup.com\/pt-pt\/wp-json\/wp\/v2\/media\/71097"}],"wp:attachment":[{"href":"https:\/\/www.ranciliogroup.com\/pt-pt\/wp-json\/wp\/v2\/media?parent=71126"}],"wp:term":[{"taxonomy":"category","embeddable":true,"href":"https:\/\/www.ranciliogroup.com\/pt-pt\/wp-json\/wp\/v2\/categories?post=71126"},{"taxonomy":"post_tag","embeddable":true,"href":"https:\/\/www.ranciliogroup.com\/pt-pt\/wp-json\/wp\/v2\/tags?post=71126"}],"curies":[{"name":"wp","href":"https:\/\/api.w.org\/{rel}","templated":true}]}}