{"id":72604,"date":"2023-11-14T12:33:03","date_gmt":"2023-11-14T11:33:03","guid":{"rendered":"https:\/\/www.ranciliogroup.com\/?p=72604"},"modified":"2023-11-14T12:33:03","modified_gmt":"2023-11-14T11:33:03","slug":"rancilio-group-na-feira-alles-fur-den-gast-2023","status":"publish","type":"post","link":"https:\/\/www.ranciliogroup.com\/pt-pt\/rancilio-group-na-feira-alles-fur-den-gast-2023\/","title":{"rendered":"Rancilio Group na feira Alles f\u00fcr den Gast 2023"},"content":{"rendered":"<p>De 11 a 15 de novembro, &#8220;Alles f\u00fcr den Gast&#8221; acolher\u00e1 todos os profissionais do setor da restaura\u00e7\u00e3o e hotelaria da regi\u00e3o Dan\u00fabio-Alpino-Adri\u00e1tico no Messezentrum de Salzburgo. O Rancilio Group ir\u00e1 participar com as suas \u00faltimas novidades, desde as m\u00e1quinas de caf\u00e9 profissionais tradicionais Rancilio at\u00e9 \u00e0s m\u00e1quinas totalmente autom\u00e1ticas Egro.<\/p>\n<p>A Rancilio Specialty RS1 demonstrar\u00e1 o potencial da tecnologia Advanced Temperature Profiling, uma ferramenta \u00fanica nas m\u00e3os de todos os baristas que querem aperfei\u00e7oar ao m\u00e1ximo as suas receitas de caf\u00e9 de especialidade.<\/p>\n<p>Para todos os entusiastas de m\u00e1quinas totalmente autom\u00e1ticas, a Egro MoDe \u00e9 uma op\u00e7\u00e3o adequada para todos os estabelecimentos com consumo moderado. Com as suas tr\u00eas configura\u00e7\u00f5es, promete uma experi\u00eancia de caf\u00e9 personaliz\u00e1vel, acelerando as opera\u00e7\u00f5es de servi\u00e7o e oferecendo um menu de cafetaria de qualidade com bebidas de caf\u00e9, leite fresco e produtos instant\u00e2neos.<\/p>\n<p>A \u00e1rea da linha Rancilio Home tingir-se-\u00e1 com as cores naturais do outono, apresentando as m\u00e1quinas de caf\u00e9 de caldeira \u00fanica Silvia e a m\u00e1quina de caf\u00e9 de caldeira dupla Silvia Pro X para utiliza\u00e7\u00e3o dom\u00e9stica.<\/p>\n<p>A &#8220;Alles f\u00fcr den Gast&#8221; \u00e9 uma oportunidade imperd\u00edvel para todos os visitantes profissionais, convidados, distribuidores e fabricantes partilharem novos contactos, as \u00faltimas inova\u00e7\u00f5es de produtos e conhecimentos sobre a ind\u00fastria do caf\u00e9.<\/p>\n<p>&nbsp;<\/p>\n<p>&nbsp;<\/p>\n<p><strong>Alles f\u00fcr den Gast 2023<\/strong><br \/>\nDe 11 a 15 de novembro<br \/>\nStand 08-0311<br \/>\n<a href=\"https:\/\/www.google.com\/maps\/place\/Messezentrum+Salzburg+GmbH\/@47.823103,13.0281739,15z\/data=!4m2!3m1!1s0x0:0x3dde5ea01a8069f0?sa=X&amp;ved=2ahUKEwiR_aqt25CCAxXng_0HHf7JAtwQ_BJ6BAhVEAA&amp;ved=2ahUKEwiR_aqt25CCAxXng_0HHf7JAtwQ_BJ6BAhrEAg\">Messezentrum Salzburg<\/a><br \/>\nAm Messezentrum 1<br \/>\n5020 Salzburgo, \u00c1ustria<\/p>\n<p>&nbsp;<\/p>\n<p>&nbsp;<\/p>\n","protected":false},"excerpt":{"rendered":"<p>De 11 a 15 de novembro, &#8220;Alles f\u00fcr den Gast&#8221; acolher\u00e1 todos os profissionais do setor da restaura\u00e7\u00e3o e hotelaria&#8230;<\/p>\n","protected":false},"author":5,"featured_media":72547,"comment_status":"closed","ping_status":"closed","sticky":false,"template":"","format":"standard","meta":[],"categories":[1958],"tags":[3279,3169,2860,2744,2605],"acf":[],"yoast_head":"<!-- This site is optimized with the Yoast SEO plugin v21.5 - https:\/\/yoast.com\/wordpress\/plugins\/seo\/ -->\n<title>Latest update about Rancilio Group na feira Alles f\u00fcr den Gast 2023 - Rancilio Group<\/title>\n<meta name=\"description\" content=\"Read Rancilio Group&#039;s latest news about Rancilio Group na feira Alles f\u00fcr den Gast 2023\" \/>\n<meta name=\"robots\" content=\"index, follow, max-snippet:-1, max-image-preview:large, max-video-preview:-1\" \/>\n<link rel=\"canonical\" href=\"https:\/\/www.ranciliogroup.com\/pt-pt\/rancilio-group-na-feira-alles-fur-den-gast-2023\/\" \/>\n<meta property=\"og:locale\" content=\"pt_PT\" \/>\n<meta property=\"og:type\" content=\"article\" \/>\n<meta property=\"og:title\" content=\"Latest update about Rancilio Group na feira Alles f\u00fcr den Gast 2023 - Rancilio Group\" \/>\n<meta property=\"og:description\" content=\"Read Rancilio Group&#039;s latest news about Rancilio Group na feira Alles f\u00fcr den Gast 2023\" \/>\n<meta property=\"og:url\" content=\"https:\/\/www.ranciliogroup.com\/pt-pt\/rancilio-group-na-feira-alles-fur-den-gast-2023\/\" \/>\n<meta property=\"og:site_name\" content=\"Rancilio Group\" \/>\n<meta property=\"article:publisher\" content=\"https:\/\/www.facebook.com\/RancilioGroup\" \/>\n<meta property=\"article:published_time\" content=\"2023-11-14T11:33:03+00:00\" \/>\n<meta property=\"og:image\" content=\"https:\/\/www.ranciliogroup.com\/app\/uploads\/2023\/10\/ALLES-FUR-DEN-GAST-RG-WEB.jpg\" \/>\n\t<meta property=\"og:image:width\" content=\"1080\" \/>\n\t<meta property=\"og:image:height\" content=\"720\" \/>\n\t<meta property=\"og:image:type\" content=\"image\/jpeg\" \/>\n<meta name=\"author\" content=\"temp circular\" \/>\n<meta name=\"twitter:card\" content=\"summary_large_image\" \/>\n<meta name=\"twitter:creator\" content=\"@ranciliogroup\" \/>\n<meta name=\"twitter:site\" content=\"@ranciliogroup\" \/>\n<meta name=\"twitter:label1\" content=\"Written by\" \/>\n\t<meta name=\"twitter:data1\" content=\"temp circular\" \/>\n\t<meta name=\"twitter:label2\" content=\"Est. reading time\" \/>\n\t<meta name=\"twitter:data2\" content=\"2 minutes\" \/>\n<script type=\"application\/ld+json\" class=\"yoast-schema-graph\">{\"@context\":\"https:\/\/schema.org\",\"@graph\":[{\"@type\":\"Article\",\"@id\":\"https:\/\/www.ranciliogroup.com\/pt-pt\/rancilio-group-na-feira-alles-fur-den-gast-2023\/#article\",\"isPartOf\":{\"@id\":\"https:\/\/www.ranciliogroup.com\/pt-pt\/rancilio-group-na-feira-alles-fur-den-gast-2023\/\"},\"author\":{\"name\":\"temp circular\",\"@id\":\"https:\/\/www.ranciliogroup.com\/pt-pt\/#\/schema\/person\/d6bf0a7dfe74cded3d64da8b2c92814c\"},\"headline\":\"Rancilio Group na feira Alles f\u00fcr den Gast 2023\",\"datePublished\":\"2023-11-14T11:33:03+00:00\",\"dateModified\":\"2023-11-14T11:33:03+00:00\",\"mainEntityOfPage\":{\"@id\":\"https:\/\/www.ranciliogroup.com\/pt-pt\/rancilio-group-na-feira-alles-fur-den-gast-2023\/\"},\"wordCount\":263,\"publisher\":{\"@id\":\"https:\/\/www.ranciliogroup.com\/pt-pt\/#organization\"},\"keywords\":[\"Alles f\u00fcr den Gast\",\"MoDe\",\"Silvia\",\"Silvia Pro X\",\"RS1\"],\"articleSection\":[\"Eventos\"],\"inLanguage\":\"pt-PT\"},{\"@type\":\"WebPage\",\"@id\":\"https:\/\/www.ranciliogroup.com\/pt-pt\/rancilio-group-na-feira-alles-fur-den-gast-2023\/\",\"url\":\"https:\/\/www.ranciliogroup.com\/pt-pt\/rancilio-group-na-feira-alles-fur-den-gast-2023\/\",\"name\":\"Latest update about Rancilio Group na feira Alles f\u00fcr den Gast 2023 - Rancilio Group\",\"isPartOf\":{\"@id\":\"https:\/\/www.ranciliogroup.com\/pt-pt\/#website\"},\"datePublished\":\"2023-11-14T11:33:03+00:00\",\"dateModified\":\"2023-11-14T11:33:03+00:00\",\"description\":\"Read Rancilio Group's latest news about Rancilio Group na feira Alles f\u00fcr den Gast 2023\",\"breadcrumb\":{\"@id\":\"https:\/\/www.ranciliogroup.com\/pt-pt\/rancilio-group-na-feira-alles-fur-den-gast-2023\/#breadcrumb\"},\"inLanguage\":\"pt-PT\",\"potentialAction\":[{\"@type\":\"ReadAction\",\"target\":[\"https:\/\/www.ranciliogroup.com\/pt-pt\/rancilio-group-na-feira-alles-fur-den-gast-2023\/\"]}]},{\"@type\":\"BreadcrumbList\",\"@id\":\"https:\/\/www.ranciliogroup.com\/pt-pt\/rancilio-group-na-feira-alles-fur-den-gast-2023\/#breadcrumb\",\"itemListElement\":[{\"@type\":\"ListItem\",\"position\":1,\"name\":\"Home\",\"item\":\"https:\/\/www.ranciliogroup.com\/pt-pt\/\"},{\"@type\":\"ListItem\",\"position\":2,\"name\":\"Rancilio Group na feira Alles f\u00fcr den Gast 2023\"}]},{\"@type\":\"WebSite\",\"@id\":\"https:\/\/www.ranciliogroup.com\/pt-pt\/#website\",\"url\":\"https:\/\/www.ranciliogroup.com\/pt-pt\/\",\"name\":\"Rancilio Group\",\"description\":\"L\u00edder Profissional de M\u00e1quinas de Caf\u00e9\",\"publisher\":{\"@id\":\"https:\/\/www.ranciliogroup.com\/pt-pt\/#organization\"},\"potentialAction\":[{\"@type\":\"SearchAction\",\"target\":{\"@type\":\"EntryPoint\",\"urlTemplate\":\"https:\/\/www.ranciliogroup.com\/pt-pt\/?s={search_term_string}\"},\"query-input\":\"required name=search_term_string\"}],\"inLanguage\":\"pt-PT\"},{\"@type\":\"Organization\",\"@id\":\"https:\/\/www.ranciliogroup.com\/pt-pt\/#organization\",\"name\":\"Rancilio Group\",\"url\":\"https:\/\/www.ranciliogroup.com\/pt-pt\/\",\"logo\":{\"@type\":\"ImageObject\",\"inLanguage\":\"pt-PT\",\"@id\":\"https:\/\/www.ranciliogroup.com\/pt-pt\/#\/schema\/logo\/image\/\",\"url\":\"https:\/\/www.ranciliogroup.com\/app\/uploads\/2019\/07\/rancilio_black_logo.png\",\"contentUrl\":\"https:\/\/www.ranciliogroup.com\/app\/uploads\/2019\/07\/rancilio_black_logo.png\",\"width\":447,\"height\":57,\"caption\":\"Rancilio Group\"},\"image\":{\"@id\":\"https:\/\/www.ranciliogroup.com\/pt-pt\/#\/schema\/logo\/image\/\"},\"sameAs\":[\"https:\/\/www.facebook.com\/RancilioGroup\",\"https:\/\/twitter.com\/ranciliogroup\",\"https:\/\/www.instagram.com\/rancilio_official\/\",\"https:\/\/www.linkedin.com\/company\/ranciliogroup\/\",\"https:\/\/www.youtube.com\/user\/rancilioadmin\"]},{\"@type\":\"Person\",\"@id\":\"https:\/\/www.ranciliogroup.com\/pt-pt\/#\/schema\/person\/d6bf0a7dfe74cded3d64da8b2c92814c\",\"name\":\"temp circular\",\"image\":{\"@type\":\"ImageObject\",\"inLanguage\":\"pt-PT\",\"@id\":\"https:\/\/www.ranciliogroup.com\/pt-pt\/#\/schema\/person\/image\/\",\"url\":\"https:\/\/secure.gravatar.com\/avatar\/569e71c3b97b8bcad1854d6579b35c5f?s=96&d=mm&r=g\",\"contentUrl\":\"https:\/\/secure.gravatar.com\/avatar\/569e71c3b97b8bcad1854d6579b35c5f?s=96&d=mm&r=g\",\"caption\":\"temp circular\"}}]}<\/script>\n<!-- \/ Yoast SEO plugin. -->","yoast_head_json":{"title":"Latest update about Rancilio Group na feira Alles f\u00fcr den Gast 2023 - Rancilio Group","description":"Read Rancilio Group's latest news about Rancilio Group na feira Alles f\u00fcr den Gast 2023","robots":{"index":"index","follow":"follow","max-snippet":"max-snippet:-1","max-image-preview":"max-image-preview:large","max-video-preview":"max-video-preview:-1"},"canonical":"https:\/\/www.ranciliogroup.com\/pt-pt\/rancilio-group-na-feira-alles-fur-den-gast-2023\/","og_locale":"pt_PT","og_type":"article","og_title":"Latest update about Rancilio Group na feira Alles f\u00fcr den Gast 2023 - Rancilio Group","og_description":"Read Rancilio Group's latest news about Rancilio Group na feira Alles f\u00fcr den Gast 2023","og_url":"https:\/\/www.ranciliogroup.com\/pt-pt\/rancilio-group-na-feira-alles-fur-den-gast-2023\/","og_site_name":"Rancilio Group","article_publisher":"https:\/\/www.facebook.com\/RancilioGroup","article_published_time":"2023-11-14T11:33:03+00:00","og_image":[{"width":1080,"height":720,"url":"https:\/\/www.ranciliogroup.com\/app\/uploads\/2023\/10\/ALLES-FUR-DEN-GAST-RG-WEB.jpg","type":"image\/jpeg"}],"author":"temp circular","twitter_card":"summary_large_image","twitter_creator":"@ranciliogroup","twitter_site":"@ranciliogroup","twitter_misc":{"Written by":"temp circular","Est. reading time":"2 minutes"},"schema":{"@context":"https:\/\/schema.org","@graph":[{"@type":"Article","@id":"https:\/\/www.ranciliogroup.com\/pt-pt\/rancilio-group-na-feira-alles-fur-den-gast-2023\/#article","isPartOf":{"@id":"https:\/\/www.ranciliogroup.com\/pt-pt\/rancilio-group-na-feira-alles-fur-den-gast-2023\/"},"author":{"name":"temp circular","@id":"https:\/\/www.ranciliogroup.com\/pt-pt\/#\/schema\/person\/d6bf0a7dfe74cded3d64da8b2c92814c"},"headline":"Rancilio Group na feira Alles f\u00fcr den Gast 2023","datePublished":"2023-11-14T11:33:03+00:00","dateModified":"2023-11-14T11:33:03+00:00","mainEntityOfPage":{"@id":"https:\/\/www.ranciliogroup.com\/pt-pt\/rancilio-group-na-feira-alles-fur-den-gast-2023\/"},"wordCount":263,"publisher":{"@id":"https:\/\/www.ranciliogroup.com\/pt-pt\/#organization"},"keywords":["Alles f\u00fcr den Gast","MoDe","Silvia","Silvia Pro X","RS1"],"articleSection":["Eventos"],"inLanguage":"pt-PT"},{"@type":"WebPage","@id":"https:\/\/www.ranciliogroup.com\/pt-pt\/rancilio-group-na-feira-alles-fur-den-gast-2023\/","url":"https:\/\/www.ranciliogroup.com\/pt-pt\/rancilio-group-na-feira-alles-fur-den-gast-2023\/","name":"Latest update about Rancilio Group na feira Alles f\u00fcr den Gast 2023 - Rancilio Group","isPartOf":{"@id":"https:\/\/www.ranciliogroup.com\/pt-pt\/#website"},"datePublished":"2023-11-14T11:33:03+00:00","dateModified":"2023-11-14T11:33:03+00:00","description":"Read Rancilio Group's latest news about Rancilio Group na feira Alles f\u00fcr den Gast 2023","breadcrumb":{"@id":"https:\/\/www.ranciliogroup.com\/pt-pt\/rancilio-group-na-feira-alles-fur-den-gast-2023\/#breadcrumb"},"inLanguage":"pt-PT","potentialAction":[{"@type":"ReadAction","target":["https:\/\/www.ranciliogroup.com\/pt-pt\/rancilio-group-na-feira-alles-fur-den-gast-2023\/"]}]},{"@type":"BreadcrumbList","@id":"https:\/\/www.ranciliogroup.com\/pt-pt\/rancilio-group-na-feira-alles-fur-den-gast-2023\/#breadcrumb","itemListElement":[{"@type":"ListItem","position":1,"name":"Home","item":"https:\/\/www.ranciliogroup.com\/pt-pt\/"},{"@type":"ListItem","position":2,"name":"Rancilio Group na feira Alles f\u00fcr den Gast 2023"}]},{"@type":"WebSite","@id":"https:\/\/www.ranciliogroup.com\/pt-pt\/#website","url":"https:\/\/www.ranciliogroup.com\/pt-pt\/","name":"Rancilio Group","description":"L\u00edder Profissional de M\u00e1quinas de Caf\u00e9","publisher":{"@id":"https:\/\/www.ranciliogroup.com\/pt-pt\/#organization"},"potentialAction":[{"@type":"SearchAction","target":{"@type":"EntryPoint","urlTemplate":"https:\/\/www.ranciliogroup.com\/pt-pt\/?s={search_term_string}"},"query-input":"required name=search_term_string"}],"inLanguage":"pt-PT"},{"@type":"Organization","@id":"https:\/\/www.ranciliogroup.com\/pt-pt\/#organization","name":"Rancilio Group","url":"https:\/\/www.ranciliogroup.com\/pt-pt\/","logo":{"@type":"ImageObject","inLanguage":"pt-PT","@id":"https:\/\/www.ranciliogroup.com\/pt-pt\/#\/schema\/logo\/image\/","url":"https:\/\/www.ranciliogroup.com\/app\/uploads\/2019\/07\/rancilio_black_logo.png","contentUrl":"https:\/\/www.ranciliogroup.com\/app\/uploads\/2019\/07\/rancilio_black_logo.png","width":447,"height":57,"caption":"Rancilio Group"},"image":{"@id":"https:\/\/www.ranciliogroup.com\/pt-pt\/#\/schema\/logo\/image\/"},"sameAs":["https:\/\/www.facebook.com\/RancilioGroup","https:\/\/twitter.com\/ranciliogroup","https:\/\/www.instagram.com\/rancilio_official\/","https:\/\/www.linkedin.com\/company\/ranciliogroup\/","https:\/\/www.youtube.com\/user\/rancilioadmin"]},{"@type":"Person","@id":"https:\/\/www.ranciliogroup.com\/pt-pt\/#\/schema\/person\/d6bf0a7dfe74cded3d64da8b2c92814c","name":"temp circular","image":{"@type":"ImageObject","inLanguage":"pt-PT","@id":"https:\/\/www.ranciliogroup.com\/pt-pt\/#\/schema\/person\/image\/","url":"https:\/\/secure.gravatar.com\/avatar\/569e71c3b97b8bcad1854d6579b35c5f?s=96&d=mm&r=g","contentUrl":"https:\/\/secure.gravatar.com\/avatar\/569e71c3b97b8bcad1854d6579b35c5f?s=96&d=mm&r=g","caption":"temp circular"}}]}},"_links":{"self":[{"href":"https:\/\/www.ranciliogroup.com\/pt-pt\/wp-json\/wp\/v2\/posts\/72604"}],"collection":[{"href":"https:\/\/www.ranciliogroup.com\/pt-pt\/wp-json\/wp\/v2\/posts"}],"about":[{"href":"https:\/\/www.ranciliogroup.com\/pt-pt\/wp-json\/wp\/v2\/types\/post"}],"author":[{"embeddable":true,"href":"https:\/\/www.ranciliogroup.com\/pt-pt\/wp-json\/wp\/v2\/users\/5"}],"replies":[{"embeddable":true,"href":"https:\/\/www.ranciliogroup.com\/pt-pt\/wp-json\/wp\/v2\/comments?post=72604"}],"version-history":[{"count":2,"href":"https:\/\/www.ranciliogroup.com\/pt-pt\/wp-json\/wp\/v2\/posts\/72604\/revisions"}],"predecessor-version":[{"id":72606,"href":"https:\/\/www.ranciliogroup.com\/pt-pt\/wp-json\/wp\/v2\/posts\/72604\/revisions\/72606"}],"wp:featuredmedia":[{"embeddable":true,"href":"https:\/\/www.ranciliogroup.com\/pt-pt\/wp-json\/wp\/v2\/media\/72547"}],"wp:attachment":[{"href":"https:\/\/www.ranciliogroup.com\/pt-pt\/wp-json\/wp\/v2\/media?parent=72604"}],"wp:term":[{"taxonomy":"category","embeddable":true,"href":"https:\/\/www.ranciliogroup.com\/pt-pt\/wp-json\/wp\/v2\/categories?post=72604"},{"taxonomy":"post_tag","embeddable":true,"href":"https:\/\/www.ranciliogroup.com\/pt-pt\/wp-json\/wp\/v2\/tags?post=72604"}],"curies":[{"name":"wp","href":"https:\/\/api.w.org\/{rel}","templated":true}]}}