{"id":72781,"date":"2023-12-15T14:48:11","date_gmt":"2023-12-15T13:48:11","guid":{"rendered":"https:\/\/www.ranciliogroup.com\/?p=72781"},"modified":"2023-12-15T14:48:11","modified_gmt":"2023-12-15T13:48:11","slug":"rancilio-group-no-dubai-para-a-world-of-coffee-2024","status":"publish","type":"post","link":"https:\/\/www.ranciliogroup.com\/pt-pt\/rancilio-group-no-dubai-para-a-world-of-coffee-2024\/","title":{"rendered":"Rancilio Group no Dubai para a World of Coffee 2024"},"content":{"rendered":"<p>De 21 a 23 de janeiro, o Rancilio Group convida-o para a muito aguardada feira World of Coffee no World Trade Centre do Dubai. Ap\u00f3s o sucesso das edi\u00e7\u00f5es anteriores, a World of Coffee Dubai est\u00e1 de volta com um novo evento para receber os participantes da emergente ind\u00fastria do caf\u00e9 no M\u00e9dio Oriente e n\u00e3o s\u00f3.<\/p>\n<p>Rancilio Specialty est\u00e1 pronta para surpreender todos os profissionais do caf\u00e9 presentes na feira com uma vers\u00e3o original da m\u00e1quina de caf\u00e9 profissional multicaldeira RS1, concebida especialmente para homenagear os Emirados \u00c1rabes Unidos, o nosso pa\u00eds anfitri\u00e3o. Para complementar a sele\u00e7\u00e3o Rancilio Specialty, a m\u00e1quina de caf\u00e9 de caldeira \u00fanica Invicta ir\u00e1 tamb\u00e9m participar no evento, adornada com uma encantadora roupagem verde reseda.<\/p>\n<p>Rancilio Grindtec est\u00e1 tamb\u00e9m preparada para apresentar as suas mais recentes novidades: o moinho profissional Bond, criado para responder \u00e0s exig\u00eancias das grandes cadeias, e Kryo Elite, o moinho profissional concebido para quem procura uma solu\u00e7\u00e3o inteligente para acelerar as opera\u00e7\u00f5es, ajustando automaticamente o tempo de moagem e a dose de caf\u00e9.<\/p>\n<p>Os entusiastas da linha Rancilio Home ter\u00e3o a oportunidade de explorar a m\u00e1quina de caf\u00e9 de caldeira \u00fanica Silvia e a m\u00e1quina de caf\u00e9 de caldeira dupla Silvia Pro X, ambas elegantemente concebidas para uso dom\u00e9stico, juntamente com o moinho de caf\u00e9 dom\u00e9stico Stile.<\/p>\n<p>Entre empolgantes palestras, workshops, concursos e pr\u00e9mios, a World of Coffee \u00e9 feita \u00e0 medida para interligar produtores de caf\u00e9, fabricantes, retalhistas, comerciantes e a ind\u00fastria em geral numa oportunidade imperd\u00edvel.<\/p>\n<p>&nbsp;<\/p>\n<p>&nbsp;<\/p>\n<p><strong>WOC DUBAI \/ Rancilio Group<\/strong><br \/>\n21 a 23 de janeiro de 2024<br \/>\nDas 9h00 \u00e0s 17h00<br \/>\nStand Z5-C70<br \/>\n<a href=\"https:\/\/www.google.com\/maps?ll=25.2257,55.29134&amp;z=16&amp;t=m&amp;hl=en&amp;gl=AE&amp;mapclient=embed&amp;cid=2967151958706249861\">Za\u2019abeel Halls 4 \u2013\u00a0 5 \u2013 6, Dubai World Trade Centre<\/a><br \/>\n67FP+8Q Dubai, UAE<\/p>\n<p>&nbsp;<\/p>\n<p><a href=\"https:\/\/www.linkedin.com\/company\/ranciliogroup\/posts\/?feedView=all\"><strong>Acompanhe o evento na nossa p\u00e1gina do Linkedin<\/strong><\/a><\/p>\n<p>&nbsp;<\/p>\n<p><strong>Sobre o evento:<\/strong><br \/>\n<a href=\"https:\/\/dubai.worldofcoffee.org\/\">https:\/\/dubai.worldofcoffee.org\/<\/a><\/p>\n","protected":false},"excerpt":{"rendered":"<p>De 21 a 23 de janeiro, o Rancilio Group convida-o para a muito aguardada feira World of Coffee no World&#8230;<\/p>\n","protected":false},"author":5,"featured_media":72760,"comment_status":"closed","ping_status":"closed","sticky":false,"template":"","format":"standard","meta":[],"categories":[1958],"tags":[3168,2861,2860,2742,2743,2744,2634,2633,2605],"acf":[],"yoast_head":"<!-- This site is optimized with the Yoast SEO plugin v21.5 - https:\/\/yoast.com\/wordpress\/plugins\/seo\/ -->\n<title>Latest update about Rancilio Group no Dubai para a World of Coffee 2024 - Rancilio Group<\/title>\n<meta name=\"description\" content=\"Read Rancilio Group&#039;s latest news about Rancilio Group no Dubai para a World of Coffee 2024\" \/>\n<meta name=\"robots\" content=\"index, follow, max-snippet:-1, max-image-preview:large, max-video-preview:-1\" \/>\n<link rel=\"canonical\" href=\"https:\/\/www.ranciliogroup.com\/pt-pt\/rancilio-group-no-dubai-para-a-world-of-coffee-2024\/\" \/>\n<meta property=\"og:locale\" content=\"pt_PT\" \/>\n<meta property=\"og:type\" content=\"article\" \/>\n<meta property=\"og:title\" content=\"Latest update about Rancilio Group no Dubai para a World of Coffee 2024 - Rancilio Group\" \/>\n<meta property=\"og:description\" content=\"Read Rancilio Group&#039;s latest news about Rancilio Group no Dubai para a World of Coffee 2024\" \/>\n<meta property=\"og:url\" content=\"https:\/\/www.ranciliogroup.com\/pt-pt\/rancilio-group-no-dubai-para-a-world-of-coffee-2024\/\" \/>\n<meta property=\"og:site_name\" content=\"Rancilio Group\" \/>\n<meta property=\"article:publisher\" content=\"https:\/\/www.facebook.com\/RancilioGroup\" \/>\n<meta property=\"article:published_time\" content=\"2023-12-15T13:48:11+00:00\" \/>\n<meta property=\"og:image\" content=\"https:\/\/www.ranciliogroup.com\/app\/uploads\/2023\/12\/WOC_DUBAI_RG_01.jpg\" \/>\n\t<meta property=\"og:image:width\" content=\"1080\" \/>\n\t<meta property=\"og:image:height\" content=\"720\" \/>\n\t<meta property=\"og:image:type\" content=\"image\/jpeg\" \/>\n<meta name=\"author\" content=\"temp circular\" \/>\n<meta name=\"twitter:card\" content=\"summary_large_image\" \/>\n<meta name=\"twitter:creator\" content=\"@ranciliogroup\" \/>\n<meta name=\"twitter:site\" content=\"@ranciliogroup\" \/>\n<meta name=\"twitter:label1\" content=\"Written by\" \/>\n\t<meta name=\"twitter:data1\" content=\"temp circular\" \/>\n\t<meta name=\"twitter:label2\" content=\"Est. reading time\" \/>\n\t<meta name=\"twitter:data2\" content=\"2 minutes\" \/>\n<script type=\"application\/ld+json\" class=\"yoast-schema-graph\">{\"@context\":\"https:\/\/schema.org\",\"@graph\":[{\"@type\":\"Article\",\"@id\":\"https:\/\/www.ranciliogroup.com\/pt-pt\/rancilio-group-no-dubai-para-a-world-of-coffee-2024\/#article\",\"isPartOf\":{\"@id\":\"https:\/\/www.ranciliogroup.com\/pt-pt\/rancilio-group-no-dubai-para-a-world-of-coffee-2024\/\"},\"author\":{\"name\":\"temp circular\",\"@id\":\"https:\/\/www.ranciliogroup.com\/pt-pt\/#\/schema\/person\/d6bf0a7dfe74cded3d64da8b2c92814c\"},\"headline\":\"Rancilio Group no Dubai para a World of Coffee 2024\",\"datePublished\":\"2023-12-15T13:48:11+00:00\",\"dateModified\":\"2023-12-15T13:48:11+00:00\",\"mainEntityOfPage\":{\"@id\":\"https:\/\/www.ranciliogroup.com\/pt-pt\/rancilio-group-no-dubai-para-a-world-of-coffee-2024\/\"},\"wordCount\":322,\"publisher\":{\"@id\":\"https:\/\/www.ranciliogroup.com\/pt-pt\/#organization\"},\"keywords\":[\"Bond\",\"Stile\",\"Silvia\",\"WOC\",\"Dubai\",\"Silvia Pro X\",\"Kryo\",\"Invicta\",\"RS1\"],\"articleSection\":[\"Eventos\"],\"inLanguage\":\"pt-PT\"},{\"@type\":\"WebPage\",\"@id\":\"https:\/\/www.ranciliogroup.com\/pt-pt\/rancilio-group-no-dubai-para-a-world-of-coffee-2024\/\",\"url\":\"https:\/\/www.ranciliogroup.com\/pt-pt\/rancilio-group-no-dubai-para-a-world-of-coffee-2024\/\",\"name\":\"Latest update about Rancilio Group no Dubai para a World of Coffee 2024 - Rancilio Group\",\"isPartOf\":{\"@id\":\"https:\/\/www.ranciliogroup.com\/pt-pt\/#website\"},\"datePublished\":\"2023-12-15T13:48:11+00:00\",\"dateModified\":\"2023-12-15T13:48:11+00:00\",\"description\":\"Read Rancilio Group's latest news about Rancilio Group no Dubai para a World of Coffee 2024\",\"breadcrumb\":{\"@id\":\"https:\/\/www.ranciliogroup.com\/pt-pt\/rancilio-group-no-dubai-para-a-world-of-coffee-2024\/#breadcrumb\"},\"inLanguage\":\"pt-PT\",\"potentialAction\":[{\"@type\":\"ReadAction\",\"target\":[\"https:\/\/www.ranciliogroup.com\/pt-pt\/rancilio-group-no-dubai-para-a-world-of-coffee-2024\/\"]}]},{\"@type\":\"BreadcrumbList\",\"@id\":\"https:\/\/www.ranciliogroup.com\/pt-pt\/rancilio-group-no-dubai-para-a-world-of-coffee-2024\/#breadcrumb\",\"itemListElement\":[{\"@type\":\"ListItem\",\"position\":1,\"name\":\"Home\",\"item\":\"https:\/\/www.ranciliogroup.com\/pt-pt\/\"},{\"@type\":\"ListItem\",\"position\":2,\"name\":\"Rancilio Group no Dubai para a World of Coffee 2024\"}]},{\"@type\":\"WebSite\",\"@id\":\"https:\/\/www.ranciliogroup.com\/pt-pt\/#website\",\"url\":\"https:\/\/www.ranciliogroup.com\/pt-pt\/\",\"name\":\"Rancilio Group\",\"description\":\"L\u00edder Profissional de M\u00e1quinas de Caf\u00e9\",\"publisher\":{\"@id\":\"https:\/\/www.ranciliogroup.com\/pt-pt\/#organization\"},\"potentialAction\":[{\"@type\":\"SearchAction\",\"target\":{\"@type\":\"EntryPoint\",\"urlTemplate\":\"https:\/\/www.ranciliogroup.com\/pt-pt\/?s={search_term_string}\"},\"query-input\":\"required name=search_term_string\"}],\"inLanguage\":\"pt-PT\"},{\"@type\":\"Organization\",\"@id\":\"https:\/\/www.ranciliogroup.com\/pt-pt\/#organization\",\"name\":\"Rancilio Group\",\"url\":\"https:\/\/www.ranciliogroup.com\/pt-pt\/\",\"logo\":{\"@type\":\"ImageObject\",\"inLanguage\":\"pt-PT\",\"@id\":\"https:\/\/www.ranciliogroup.com\/pt-pt\/#\/schema\/logo\/image\/\",\"url\":\"https:\/\/www.ranciliogroup.com\/app\/uploads\/2019\/07\/rancilio_black_logo.png\",\"contentUrl\":\"https:\/\/www.ranciliogroup.com\/app\/uploads\/2019\/07\/rancilio_black_logo.png\",\"width\":447,\"height\":57,\"caption\":\"Rancilio Group\"},\"image\":{\"@id\":\"https:\/\/www.ranciliogroup.com\/pt-pt\/#\/schema\/logo\/image\/\"},\"sameAs\":[\"https:\/\/www.facebook.com\/RancilioGroup\",\"https:\/\/twitter.com\/ranciliogroup\",\"https:\/\/www.instagram.com\/rancilio_official\/\",\"https:\/\/www.linkedin.com\/company\/ranciliogroup\/\",\"https:\/\/www.youtube.com\/user\/rancilioadmin\"]},{\"@type\":\"Person\",\"@id\":\"https:\/\/www.ranciliogroup.com\/pt-pt\/#\/schema\/person\/d6bf0a7dfe74cded3d64da8b2c92814c\",\"name\":\"temp circular\",\"image\":{\"@type\":\"ImageObject\",\"inLanguage\":\"pt-PT\",\"@id\":\"https:\/\/www.ranciliogroup.com\/pt-pt\/#\/schema\/person\/image\/\",\"url\":\"https:\/\/secure.gravatar.com\/avatar\/569e71c3b97b8bcad1854d6579b35c5f?s=96&d=mm&r=g\",\"contentUrl\":\"https:\/\/secure.gravatar.com\/avatar\/569e71c3b97b8bcad1854d6579b35c5f?s=96&d=mm&r=g\",\"caption\":\"temp circular\"}}]}<\/script>\n<!-- \/ Yoast SEO plugin. -->","yoast_head_json":{"title":"Latest update about Rancilio Group no Dubai para a World of Coffee 2024 - Rancilio Group","description":"Read Rancilio Group's latest news about Rancilio Group no Dubai para a World of Coffee 2024","robots":{"index":"index","follow":"follow","max-snippet":"max-snippet:-1","max-image-preview":"max-image-preview:large","max-video-preview":"max-video-preview:-1"},"canonical":"https:\/\/www.ranciliogroup.com\/pt-pt\/rancilio-group-no-dubai-para-a-world-of-coffee-2024\/","og_locale":"pt_PT","og_type":"article","og_title":"Latest update about Rancilio Group no Dubai para a World of Coffee 2024 - Rancilio Group","og_description":"Read Rancilio Group's latest news about Rancilio Group no Dubai para a World of Coffee 2024","og_url":"https:\/\/www.ranciliogroup.com\/pt-pt\/rancilio-group-no-dubai-para-a-world-of-coffee-2024\/","og_site_name":"Rancilio Group","article_publisher":"https:\/\/www.facebook.com\/RancilioGroup","article_published_time":"2023-12-15T13:48:11+00:00","og_image":[{"width":1080,"height":720,"url":"https:\/\/www.ranciliogroup.com\/app\/uploads\/2023\/12\/WOC_DUBAI_RG_01.jpg","type":"image\/jpeg"}],"author":"temp circular","twitter_card":"summary_large_image","twitter_creator":"@ranciliogroup","twitter_site":"@ranciliogroup","twitter_misc":{"Written by":"temp circular","Est. reading time":"2 minutes"},"schema":{"@context":"https:\/\/schema.org","@graph":[{"@type":"Article","@id":"https:\/\/www.ranciliogroup.com\/pt-pt\/rancilio-group-no-dubai-para-a-world-of-coffee-2024\/#article","isPartOf":{"@id":"https:\/\/www.ranciliogroup.com\/pt-pt\/rancilio-group-no-dubai-para-a-world-of-coffee-2024\/"},"author":{"name":"temp circular","@id":"https:\/\/www.ranciliogroup.com\/pt-pt\/#\/schema\/person\/d6bf0a7dfe74cded3d64da8b2c92814c"},"headline":"Rancilio Group no Dubai para a World of Coffee 2024","datePublished":"2023-12-15T13:48:11+00:00","dateModified":"2023-12-15T13:48:11+00:00","mainEntityOfPage":{"@id":"https:\/\/www.ranciliogroup.com\/pt-pt\/rancilio-group-no-dubai-para-a-world-of-coffee-2024\/"},"wordCount":322,"publisher":{"@id":"https:\/\/www.ranciliogroup.com\/pt-pt\/#organization"},"keywords":["Bond","Stile","Silvia","WOC","Dubai","Silvia Pro X","Kryo","Invicta","RS1"],"articleSection":["Eventos"],"inLanguage":"pt-PT"},{"@type":"WebPage","@id":"https:\/\/www.ranciliogroup.com\/pt-pt\/rancilio-group-no-dubai-para-a-world-of-coffee-2024\/","url":"https:\/\/www.ranciliogroup.com\/pt-pt\/rancilio-group-no-dubai-para-a-world-of-coffee-2024\/","name":"Latest update about Rancilio Group no Dubai para a World of Coffee 2024 - Rancilio Group","isPartOf":{"@id":"https:\/\/www.ranciliogroup.com\/pt-pt\/#website"},"datePublished":"2023-12-15T13:48:11+00:00","dateModified":"2023-12-15T13:48:11+00:00","description":"Read Rancilio Group's latest news about Rancilio Group no Dubai para a World of Coffee 2024","breadcrumb":{"@id":"https:\/\/www.ranciliogroup.com\/pt-pt\/rancilio-group-no-dubai-para-a-world-of-coffee-2024\/#breadcrumb"},"inLanguage":"pt-PT","potentialAction":[{"@type":"ReadAction","target":["https:\/\/www.ranciliogroup.com\/pt-pt\/rancilio-group-no-dubai-para-a-world-of-coffee-2024\/"]}]},{"@type":"BreadcrumbList","@id":"https:\/\/www.ranciliogroup.com\/pt-pt\/rancilio-group-no-dubai-para-a-world-of-coffee-2024\/#breadcrumb","itemListElement":[{"@type":"ListItem","position":1,"name":"Home","item":"https:\/\/www.ranciliogroup.com\/pt-pt\/"},{"@type":"ListItem","position":2,"name":"Rancilio Group no Dubai para a World of Coffee 2024"}]},{"@type":"WebSite","@id":"https:\/\/www.ranciliogroup.com\/pt-pt\/#website","url":"https:\/\/www.ranciliogroup.com\/pt-pt\/","name":"Rancilio Group","description":"L\u00edder Profissional de M\u00e1quinas de Caf\u00e9","publisher":{"@id":"https:\/\/www.ranciliogroup.com\/pt-pt\/#organization"},"potentialAction":[{"@type":"SearchAction","target":{"@type":"EntryPoint","urlTemplate":"https:\/\/www.ranciliogroup.com\/pt-pt\/?s={search_term_string}"},"query-input":"required name=search_term_string"}],"inLanguage":"pt-PT"},{"@type":"Organization","@id":"https:\/\/www.ranciliogroup.com\/pt-pt\/#organization","name":"Rancilio Group","url":"https:\/\/www.ranciliogroup.com\/pt-pt\/","logo":{"@type":"ImageObject","inLanguage":"pt-PT","@id":"https:\/\/www.ranciliogroup.com\/pt-pt\/#\/schema\/logo\/image\/","url":"https:\/\/www.ranciliogroup.com\/app\/uploads\/2019\/07\/rancilio_black_logo.png","contentUrl":"https:\/\/www.ranciliogroup.com\/app\/uploads\/2019\/07\/rancilio_black_logo.png","width":447,"height":57,"caption":"Rancilio Group"},"image":{"@id":"https:\/\/www.ranciliogroup.com\/pt-pt\/#\/schema\/logo\/image\/"},"sameAs":["https:\/\/www.facebook.com\/RancilioGroup","https:\/\/twitter.com\/ranciliogroup","https:\/\/www.instagram.com\/rancilio_official\/","https:\/\/www.linkedin.com\/company\/ranciliogroup\/","https:\/\/www.youtube.com\/user\/rancilioadmin"]},{"@type":"Person","@id":"https:\/\/www.ranciliogroup.com\/pt-pt\/#\/schema\/person\/d6bf0a7dfe74cded3d64da8b2c92814c","name":"temp circular","image":{"@type":"ImageObject","inLanguage":"pt-PT","@id":"https:\/\/www.ranciliogroup.com\/pt-pt\/#\/schema\/person\/image\/","url":"https:\/\/secure.gravatar.com\/avatar\/569e71c3b97b8bcad1854d6579b35c5f?s=96&d=mm&r=g","contentUrl":"https:\/\/secure.gravatar.com\/avatar\/569e71c3b97b8bcad1854d6579b35c5f?s=96&d=mm&r=g","caption":"temp circular"}}]}},"_links":{"self":[{"href":"https:\/\/www.ranciliogroup.com\/pt-pt\/wp-json\/wp\/v2\/posts\/72781"}],"collection":[{"href":"https:\/\/www.ranciliogroup.com\/pt-pt\/wp-json\/wp\/v2\/posts"}],"about":[{"href":"https:\/\/www.ranciliogroup.com\/pt-pt\/wp-json\/wp\/v2\/types\/post"}],"author":[{"embeddable":true,"href":"https:\/\/www.ranciliogroup.com\/pt-pt\/wp-json\/wp\/v2\/users\/5"}],"replies":[{"embeddable":true,"href":"https:\/\/www.ranciliogroup.com\/pt-pt\/wp-json\/wp\/v2\/comments?post=72781"}],"version-history":[{"count":2,"href":"https:\/\/www.ranciliogroup.com\/pt-pt\/wp-json\/wp\/v2\/posts\/72781\/revisions"}],"predecessor-version":[{"id":72783,"href":"https:\/\/www.ranciliogroup.com\/pt-pt\/wp-json\/wp\/v2\/posts\/72781\/revisions\/72783"}],"wp:featuredmedia":[{"embeddable":true,"href":"https:\/\/www.ranciliogroup.com\/pt-pt\/wp-json\/wp\/v2\/media\/72760"}],"wp:attachment":[{"href":"https:\/\/www.ranciliogroup.com\/pt-pt\/wp-json\/wp\/v2\/media?parent=72781"}],"wp:term":[{"taxonomy":"category","embeddable":true,"href":"https:\/\/www.ranciliogroup.com\/pt-pt\/wp-json\/wp\/v2\/categories?post=72781"},{"taxonomy":"post_tag","embeddable":true,"href":"https:\/\/www.ranciliogroup.com\/pt-pt\/wp-json\/wp\/v2\/tags?post=72781"}],"curies":[{"name":"wp","href":"https:\/\/api.w.org\/{rel}","templated":true}]}}