{"id":73252,"date":"2024-02-09T14:27:22","date_gmt":"2024-02-09T13:27:22","guid":{"rendered":"https:\/\/www.ranciliogroup.com\/?p=73252"},"modified":"2024-02-09T14:29:12","modified_gmt":"2024-02-09T13:29:12","slug":"the-barista-league-regressa-a-casa-com-a-rancilio-specialty","status":"publish","type":"post","link":"https:\/\/www.ranciliogroup.com\/pt-pt\/the-barista-league-regressa-a-casa-com-a-rancilio-specialty\/","title":{"rendered":"The Barista League regressa a casa com a Rancilio Specialty"},"content":{"rendered":"<p>Pela primeira vez desde 2019, a The Barista League est\u00e1 de regresso \u00e0 Su\u00e9cia, juntamente com a Rancilio Specialty Invicta, para um fim de semana emocionante alimentado a caf\u00e9. No dia 24 de fevereiro, coincidindo com o primeiro Nordic Coffee Fest, 12 equipas de dois baristas ir\u00e3o desafiar-se na pitoresca e vibrante cidade de Gotemburgo.<\/p>\n<p>Os baristas enfrentar\u00e3o o desafio de preparar uma s\u00e9rie de bebidas \u00e0 base de caf\u00e9 para um j\u00fari VIP composto por Matija Belcovic, Rob Stein e Kaisa Kokkonen, acompanhados por dois convidados mist\u00e9rio especiais. A seu lado, a m\u00e1quina de caf\u00e9 de caldeira \u00fanica Invicta est\u00e1 pronta a oferecer aos concorrentes uma tecnologia de ponta em mat\u00e9ria de caf\u00e9 e facilidade de utiliza\u00e7\u00e3o. Al\u00e9m disso, a tecnologia de pr\u00e9-infus\u00e3o de Invicta ser\u00e1 um trunfo decisivo, permitindo aos participantes extrair as melhores nuances e sabores das suas cria\u00e7\u00f5es de caf\u00e9.<\/p>\n<p>Entre jogos, caf\u00e9 de origem local dos melhores torrefatores da Su\u00e9cia, bebidas exclusivas, m\u00fasica cativante e comida fant\u00e1stica, os convidados poder\u00e3o viver mais uma noite inesquec\u00edvel na The Barista League, que marca o emocionante arranque da \u00e9poca de competi\u00e7\u00e3o de 2024.<\/p>\n<p>Os bilhetes est\u00e3o dispon\u00edveis em <a href=\"https:\/\/www.tickettailor.com\/events\/thebaristaleague\/959446?\">www.tickettailor.com<\/a><\/p>\n<p><strong>\u00a0<\/strong><\/p>\n<p><strong>The Barista League Gothenburg<\/strong><br \/>\nS\u00e1bado, 24 de fevereiro de 2024<br \/>\nDas 18h00 \u00e0s 23h00<br \/>\n<a href=\"https:\/\/www.google.com\/maps\/place\/Eriksbergshallen\/@57.7009851,11.9120382,17z\/data=!3m1!4b1!4m6!3m5!1s0x464f8d2a9c1112fd:0x867582da0264a1a3!8m2!3d57.7009823!4d11.9146131!16s%2Fg%2F11dyh_l44?entry=tts\">Eriksbergshallen<\/a><br \/>\nSj\u00f6portsgatan 5<br \/>\n417 64 G\u00f6teborg<\/p>\n<p><strong>Acompanhe o evento na nossa p\u00e1gina oficial do Instagram<\/strong><br \/>\n@ranciliospecialty #ranciliospecialty<\/p>\n<p><a href=\"https:\/\/www.ranciliogroup.com\/pt-pt\/specialty\/invicta\/\"><strong>Descubra Rancilio Specialty Invicta<\/strong><\/a><\/p>\n<p>&nbsp;<\/p>\n","protected":false},"excerpt":{"rendered":"<p>Pela primeira vez desde 2019, a The Barista League est\u00e1 de regresso \u00e0 Su\u00e9cia, juntamente com a Rancilio Specialty Invicta,&#8230;<\/p>\n","protected":false},"author":5,"featured_media":73240,"comment_status":"closed","ping_status":"closed","sticky":false,"template":"","format":"standard","meta":[],"categories":[1958],"tags":[2633,2606],"acf":[],"yoast_head":"<!-- This site is optimized with the Yoast SEO plugin v21.5 - https:\/\/yoast.com\/wordpress\/plugins\/seo\/ -->\n<title>Latest update about The Barista League regressa a casa com a Rancilio Specialty - Rancilio Group<\/title>\n<meta name=\"description\" content=\"Read Rancilio Group&#039;s latest news about The Barista League regressa a casa com a Rancilio Specialty\" \/>\n<meta name=\"robots\" content=\"index, follow, max-snippet:-1, max-image-preview:large, max-video-preview:-1\" \/>\n<link rel=\"canonical\" href=\"https:\/\/www.ranciliogroup.com\/pt-pt\/the-barista-league-regressa-a-casa-com-a-rancilio-specialty\/\" \/>\n<meta property=\"og:locale\" content=\"pt_PT\" \/>\n<meta property=\"og:type\" content=\"article\" \/>\n<meta property=\"og:title\" content=\"Latest update about The Barista League regressa a casa com a Rancilio Specialty - Rancilio Group\" \/>\n<meta property=\"og:description\" content=\"Read Rancilio Group&#039;s latest news about The Barista League regressa a casa com a Rancilio Specialty\" \/>\n<meta property=\"og:url\" content=\"https:\/\/www.ranciliogroup.com\/pt-pt\/the-barista-league-regressa-a-casa-com-a-rancilio-specialty\/\" \/>\n<meta property=\"og:site_name\" content=\"Rancilio Group\" \/>\n<meta property=\"article:publisher\" content=\"https:\/\/www.facebook.com\/RancilioGroup\" \/>\n<meta property=\"article:published_time\" content=\"2024-02-09T13:27:22+00:00\" \/>\n<meta property=\"article:modified_time\" content=\"2024-02-09T13:29:12+00:00\" \/>\n<meta property=\"og:image\" content=\"https:\/\/www.ranciliogroup.com\/app\/uploads\/2024\/02\/the-barista-league-dubai-rancilio-specialty-1.jpg\" \/>\n\t<meta property=\"og:image:width\" content=\"1080\" \/>\n\t<meta property=\"og:image:height\" content=\"720\" \/>\n\t<meta property=\"og:image:type\" content=\"image\/jpeg\" \/>\n<meta name=\"author\" content=\"temp circular\" \/>\n<meta name=\"twitter:card\" content=\"summary_large_image\" \/>\n<meta name=\"twitter:creator\" content=\"@ranciliogroup\" \/>\n<meta name=\"twitter:site\" content=\"@ranciliogroup\" \/>\n<meta name=\"twitter:label1\" content=\"Written by\" \/>\n\t<meta name=\"twitter:data1\" content=\"temp circular\" \/>\n\t<meta name=\"twitter:label2\" content=\"Est. reading time\" \/>\n\t<meta name=\"twitter:data2\" content=\"1 minute\" \/>\n<script type=\"application\/ld+json\" class=\"yoast-schema-graph\">{\"@context\":\"https:\/\/schema.org\",\"@graph\":[{\"@type\":\"Article\",\"@id\":\"https:\/\/www.ranciliogroup.com\/pt-pt\/the-barista-league-regressa-a-casa-com-a-rancilio-specialty\/#article\",\"isPartOf\":{\"@id\":\"https:\/\/www.ranciliogroup.com\/pt-pt\/the-barista-league-regressa-a-casa-com-a-rancilio-specialty\/\"},\"author\":{\"name\":\"temp circular\",\"@id\":\"https:\/\/www.ranciliogroup.com\/pt-pt\/#\/schema\/person\/d6bf0a7dfe74cded3d64da8b2c92814c\"},\"headline\":\"The Barista League regressa a casa com a Rancilio Specialty\",\"datePublished\":\"2024-02-09T13:27:22+00:00\",\"dateModified\":\"2024-02-09T13:29:12+00:00\",\"mainEntityOfPage\":{\"@id\":\"https:\/\/www.ranciliogroup.com\/pt-pt\/the-barista-league-regressa-a-casa-com-a-rancilio-specialty\/\"},\"wordCount\":253,\"publisher\":{\"@id\":\"https:\/\/www.ranciliogroup.com\/pt-pt\/#organization\"},\"keywords\":[\"Invicta\",\"Barista League\"],\"articleSection\":[\"Eventos\"],\"inLanguage\":\"pt-PT\"},{\"@type\":\"WebPage\",\"@id\":\"https:\/\/www.ranciliogroup.com\/pt-pt\/the-barista-league-regressa-a-casa-com-a-rancilio-specialty\/\",\"url\":\"https:\/\/www.ranciliogroup.com\/pt-pt\/the-barista-league-regressa-a-casa-com-a-rancilio-specialty\/\",\"name\":\"Latest update about The Barista League regressa a casa com a Rancilio Specialty - Rancilio Group\",\"isPartOf\":{\"@id\":\"https:\/\/www.ranciliogroup.com\/pt-pt\/#website\"},\"datePublished\":\"2024-02-09T13:27:22+00:00\",\"dateModified\":\"2024-02-09T13:29:12+00:00\",\"description\":\"Read Rancilio Group's latest news about The Barista League regressa a casa com a Rancilio Specialty\",\"breadcrumb\":{\"@id\":\"https:\/\/www.ranciliogroup.com\/pt-pt\/the-barista-league-regressa-a-casa-com-a-rancilio-specialty\/#breadcrumb\"},\"inLanguage\":\"pt-PT\",\"potentialAction\":[{\"@type\":\"ReadAction\",\"target\":[\"https:\/\/www.ranciliogroup.com\/pt-pt\/the-barista-league-regressa-a-casa-com-a-rancilio-specialty\/\"]}]},{\"@type\":\"BreadcrumbList\",\"@id\":\"https:\/\/www.ranciliogroup.com\/pt-pt\/the-barista-league-regressa-a-casa-com-a-rancilio-specialty\/#breadcrumb\",\"itemListElement\":[{\"@type\":\"ListItem\",\"position\":1,\"name\":\"Home\",\"item\":\"https:\/\/www.ranciliogroup.com\/pt-pt\/\"},{\"@type\":\"ListItem\",\"position\":2,\"name\":\"The Barista League regressa a casa com a Rancilio Specialty\"}]},{\"@type\":\"WebSite\",\"@id\":\"https:\/\/www.ranciliogroup.com\/pt-pt\/#website\",\"url\":\"https:\/\/www.ranciliogroup.com\/pt-pt\/\",\"name\":\"Rancilio Group\",\"description\":\"L\u00edder Profissional de M\u00e1quinas de Caf\u00e9\",\"publisher\":{\"@id\":\"https:\/\/www.ranciliogroup.com\/pt-pt\/#organization\"},\"potentialAction\":[{\"@type\":\"SearchAction\",\"target\":{\"@type\":\"EntryPoint\",\"urlTemplate\":\"https:\/\/www.ranciliogroup.com\/pt-pt\/?s={search_term_string}\"},\"query-input\":\"required name=search_term_string\"}],\"inLanguage\":\"pt-PT\"},{\"@type\":\"Organization\",\"@id\":\"https:\/\/www.ranciliogroup.com\/pt-pt\/#organization\",\"name\":\"Rancilio Group\",\"url\":\"https:\/\/www.ranciliogroup.com\/pt-pt\/\",\"logo\":{\"@type\":\"ImageObject\",\"inLanguage\":\"pt-PT\",\"@id\":\"https:\/\/www.ranciliogroup.com\/pt-pt\/#\/schema\/logo\/image\/\",\"url\":\"https:\/\/www.ranciliogroup.com\/app\/uploads\/2019\/07\/rancilio_black_logo.png\",\"contentUrl\":\"https:\/\/www.ranciliogroup.com\/app\/uploads\/2019\/07\/rancilio_black_logo.png\",\"width\":447,\"height\":57,\"caption\":\"Rancilio Group\"},\"image\":{\"@id\":\"https:\/\/www.ranciliogroup.com\/pt-pt\/#\/schema\/logo\/image\/\"},\"sameAs\":[\"https:\/\/www.facebook.com\/RancilioGroup\",\"https:\/\/twitter.com\/ranciliogroup\",\"https:\/\/www.instagram.com\/rancilio_official\/\",\"https:\/\/www.linkedin.com\/company\/ranciliogroup\/\",\"https:\/\/www.youtube.com\/user\/rancilioadmin\"]},{\"@type\":\"Person\",\"@id\":\"https:\/\/www.ranciliogroup.com\/pt-pt\/#\/schema\/person\/d6bf0a7dfe74cded3d64da8b2c92814c\",\"name\":\"temp circular\",\"image\":{\"@type\":\"ImageObject\",\"inLanguage\":\"pt-PT\",\"@id\":\"https:\/\/www.ranciliogroup.com\/pt-pt\/#\/schema\/person\/image\/\",\"url\":\"https:\/\/secure.gravatar.com\/avatar\/569e71c3b97b8bcad1854d6579b35c5f?s=96&d=mm&r=g\",\"contentUrl\":\"https:\/\/secure.gravatar.com\/avatar\/569e71c3b97b8bcad1854d6579b35c5f?s=96&d=mm&r=g\",\"caption\":\"temp circular\"}}]}<\/script>\n<!-- \/ Yoast SEO plugin. -->","yoast_head_json":{"title":"Latest update about The Barista League regressa a casa com a Rancilio Specialty - Rancilio Group","description":"Read Rancilio Group's latest news about The Barista League regressa a casa com a Rancilio Specialty","robots":{"index":"index","follow":"follow","max-snippet":"max-snippet:-1","max-image-preview":"max-image-preview:large","max-video-preview":"max-video-preview:-1"},"canonical":"https:\/\/www.ranciliogroup.com\/pt-pt\/the-barista-league-regressa-a-casa-com-a-rancilio-specialty\/","og_locale":"pt_PT","og_type":"article","og_title":"Latest update about The Barista League regressa a casa com a Rancilio Specialty - Rancilio Group","og_description":"Read Rancilio Group's latest news about The Barista League regressa a casa com a Rancilio Specialty","og_url":"https:\/\/www.ranciliogroup.com\/pt-pt\/the-barista-league-regressa-a-casa-com-a-rancilio-specialty\/","og_site_name":"Rancilio Group","article_publisher":"https:\/\/www.facebook.com\/RancilioGroup","article_published_time":"2024-02-09T13:27:22+00:00","article_modified_time":"2024-02-09T13:29:12+00:00","og_image":[{"width":1080,"height":720,"url":"https:\/\/www.ranciliogroup.com\/app\/uploads\/2024\/02\/the-barista-league-dubai-rancilio-specialty-1.jpg","type":"image\/jpeg"}],"author":"temp circular","twitter_card":"summary_large_image","twitter_creator":"@ranciliogroup","twitter_site":"@ranciliogroup","twitter_misc":{"Written by":"temp circular","Est. reading time":"1 minute"},"schema":{"@context":"https:\/\/schema.org","@graph":[{"@type":"Article","@id":"https:\/\/www.ranciliogroup.com\/pt-pt\/the-barista-league-regressa-a-casa-com-a-rancilio-specialty\/#article","isPartOf":{"@id":"https:\/\/www.ranciliogroup.com\/pt-pt\/the-barista-league-regressa-a-casa-com-a-rancilio-specialty\/"},"author":{"name":"temp circular","@id":"https:\/\/www.ranciliogroup.com\/pt-pt\/#\/schema\/person\/d6bf0a7dfe74cded3d64da8b2c92814c"},"headline":"The Barista League regressa a casa com a Rancilio Specialty","datePublished":"2024-02-09T13:27:22+00:00","dateModified":"2024-02-09T13:29:12+00:00","mainEntityOfPage":{"@id":"https:\/\/www.ranciliogroup.com\/pt-pt\/the-barista-league-regressa-a-casa-com-a-rancilio-specialty\/"},"wordCount":253,"publisher":{"@id":"https:\/\/www.ranciliogroup.com\/pt-pt\/#organization"},"keywords":["Invicta","Barista League"],"articleSection":["Eventos"],"inLanguage":"pt-PT"},{"@type":"WebPage","@id":"https:\/\/www.ranciliogroup.com\/pt-pt\/the-barista-league-regressa-a-casa-com-a-rancilio-specialty\/","url":"https:\/\/www.ranciliogroup.com\/pt-pt\/the-barista-league-regressa-a-casa-com-a-rancilio-specialty\/","name":"Latest update about The Barista League regressa a casa com a Rancilio Specialty - Rancilio Group","isPartOf":{"@id":"https:\/\/www.ranciliogroup.com\/pt-pt\/#website"},"datePublished":"2024-02-09T13:27:22+00:00","dateModified":"2024-02-09T13:29:12+00:00","description":"Read Rancilio Group's latest news about The Barista League regressa a casa com a Rancilio Specialty","breadcrumb":{"@id":"https:\/\/www.ranciliogroup.com\/pt-pt\/the-barista-league-regressa-a-casa-com-a-rancilio-specialty\/#breadcrumb"},"inLanguage":"pt-PT","potentialAction":[{"@type":"ReadAction","target":["https:\/\/www.ranciliogroup.com\/pt-pt\/the-barista-league-regressa-a-casa-com-a-rancilio-specialty\/"]}]},{"@type":"BreadcrumbList","@id":"https:\/\/www.ranciliogroup.com\/pt-pt\/the-barista-league-regressa-a-casa-com-a-rancilio-specialty\/#breadcrumb","itemListElement":[{"@type":"ListItem","position":1,"name":"Home","item":"https:\/\/www.ranciliogroup.com\/pt-pt\/"},{"@type":"ListItem","position":2,"name":"The Barista League regressa a casa com a Rancilio Specialty"}]},{"@type":"WebSite","@id":"https:\/\/www.ranciliogroup.com\/pt-pt\/#website","url":"https:\/\/www.ranciliogroup.com\/pt-pt\/","name":"Rancilio Group","description":"L\u00edder Profissional de M\u00e1quinas de Caf\u00e9","publisher":{"@id":"https:\/\/www.ranciliogroup.com\/pt-pt\/#organization"},"potentialAction":[{"@type":"SearchAction","target":{"@type":"EntryPoint","urlTemplate":"https:\/\/www.ranciliogroup.com\/pt-pt\/?s={search_term_string}"},"query-input":"required name=search_term_string"}],"inLanguage":"pt-PT"},{"@type":"Organization","@id":"https:\/\/www.ranciliogroup.com\/pt-pt\/#organization","name":"Rancilio Group","url":"https:\/\/www.ranciliogroup.com\/pt-pt\/","logo":{"@type":"ImageObject","inLanguage":"pt-PT","@id":"https:\/\/www.ranciliogroup.com\/pt-pt\/#\/schema\/logo\/image\/","url":"https:\/\/www.ranciliogroup.com\/app\/uploads\/2019\/07\/rancilio_black_logo.png","contentUrl":"https:\/\/www.ranciliogroup.com\/app\/uploads\/2019\/07\/rancilio_black_logo.png","width":447,"height":57,"caption":"Rancilio Group"},"image":{"@id":"https:\/\/www.ranciliogroup.com\/pt-pt\/#\/schema\/logo\/image\/"},"sameAs":["https:\/\/www.facebook.com\/RancilioGroup","https:\/\/twitter.com\/ranciliogroup","https:\/\/www.instagram.com\/rancilio_official\/","https:\/\/www.linkedin.com\/company\/ranciliogroup\/","https:\/\/www.youtube.com\/user\/rancilioadmin"]},{"@type":"Person","@id":"https:\/\/www.ranciliogroup.com\/pt-pt\/#\/schema\/person\/d6bf0a7dfe74cded3d64da8b2c92814c","name":"temp circular","image":{"@type":"ImageObject","inLanguage":"pt-PT","@id":"https:\/\/www.ranciliogroup.com\/pt-pt\/#\/schema\/person\/image\/","url":"https:\/\/secure.gravatar.com\/avatar\/569e71c3b97b8bcad1854d6579b35c5f?s=96&d=mm&r=g","contentUrl":"https:\/\/secure.gravatar.com\/avatar\/569e71c3b97b8bcad1854d6579b35c5f?s=96&d=mm&r=g","caption":"temp circular"}}]}},"_links":{"self":[{"href":"https:\/\/www.ranciliogroup.com\/pt-pt\/wp-json\/wp\/v2\/posts\/73252"}],"collection":[{"href":"https:\/\/www.ranciliogroup.com\/pt-pt\/wp-json\/wp\/v2\/posts"}],"about":[{"href":"https:\/\/www.ranciliogroup.com\/pt-pt\/wp-json\/wp\/v2\/types\/post"}],"author":[{"embeddable":true,"href":"https:\/\/www.ranciliogroup.com\/pt-pt\/wp-json\/wp\/v2\/users\/5"}],"replies":[{"embeddable":true,"href":"https:\/\/www.ranciliogroup.com\/pt-pt\/wp-json\/wp\/v2\/comments?post=73252"}],"version-history":[{"count":4,"href":"https:\/\/www.ranciliogroup.com\/pt-pt\/wp-json\/wp\/v2\/posts\/73252\/revisions"}],"predecessor-version":[{"id":73256,"href":"https:\/\/www.ranciliogroup.com\/pt-pt\/wp-json\/wp\/v2\/posts\/73252\/revisions\/73256"}],"wp:featuredmedia":[{"embeddable":true,"href":"https:\/\/www.ranciliogroup.com\/pt-pt\/wp-json\/wp\/v2\/media\/73240"}],"wp:attachment":[{"href":"https:\/\/www.ranciliogroup.com\/pt-pt\/wp-json\/wp\/v2\/media?parent=73252"}],"wp:term":[{"taxonomy":"category","embeddable":true,"href":"https:\/\/www.ranciliogroup.com\/pt-pt\/wp-json\/wp\/v2\/categories?post=73252"},{"taxonomy":"post_tag","embeddable":true,"href":"https:\/\/www.ranciliogroup.com\/pt-pt\/wp-json\/wp\/v2\/tags?post=73252"}],"curies":[{"name":"wp","href":"https:\/\/api.w.org\/{rel}","templated":true}]}}