{"id":73382,"date":"2024-02-21T15:25:30","date_gmt":"2024-02-21T14:25:30","guid":{"rendered":"https:\/\/www.ranciliogroup.com\/?p=73382"},"modified":"2024-02-21T15:25:30","modified_gmt":"2024-02-21T14:25:30","slug":"rancilio-group-no-coffee-fest-em-nova-iorque","status":"publish","type":"post","link":"https:\/\/www.ranciliogroup.com\/pt-pt\/rancilio-group-no-coffee-fest-em-nova-iorque\/","title":{"rendered":"Rancilio Group no Coffee Fest em Nova Iorque"},"content":{"rendered":"<p>De 3 a 5 de mar\u00e7o de 2024, o Rancilio Group d\u00e1-lhe as boas-vindas ao Coffee Fest no Javits Center em Nova Iorque, onde ser\u00e3o apresentadas as \u00faltimas inova\u00e7\u00f5es da Rancilio, Rancilio Specialty, Rancilio Grindtec e Egro.<\/p>\n<p>No stand do Rancilio Group, poder\u00e1 descobrir a m\u00e1quina de caf\u00e9 profissional tradicional Classe 5, reconhecida pela sua tecnologia de estabilidade t\u00e9rmica que garante qualidade em cada ch\u00e1vena, facilidade de utiliza\u00e7\u00e3o e fiabilidade. Os visitantes podem explorar o novo Kryo Elite da linha Rancilio Grindtec, um moinho profissional equipado com Smart Adjusting System (SAS), que regula automaticamente o tempo de moagem para garantir sempre uma dose consistente.<\/p>\n<p>Com materiais de alta qualidade e fiabilidade, a m\u00e1quina de caf\u00e9 de caldeira \u00fanica Rancilio Specialty Invicta receber\u00e1 os convidados com caf\u00e9 de especialidade de alta qualidade servido atrav\u00e9s das suas fun\u00e7\u00f5es avan\u00e7adas de caf\u00e9, \u00e1gua e vapor.<\/p>\n<p>A nova m\u00e1quina de caf\u00e9 super-autom\u00e1tica, MoDe, aguarda todos os profissionais que procuram uma m\u00e1quina de caf\u00e9 fi\u00e1vel de alto desempenho, fiabilidade e versatilidade para aumentar a efici\u00eancia dos operadores e tornar o servi\u00e7o mais r\u00e1pido. MoDe \u00e9 a solu\u00e7\u00e3o ideal para quem quer um menu de cafetaria de qualidade com bebidas de caf\u00e9, leite fresco e produtos sol\u00faveis. A Egro tamb\u00e9m est\u00e1 presente com Next, a m\u00e1quina de caf\u00e9 totalmente autom\u00e1tica que garante resultados superiores para qualquer tipo de bebida, quente ou fria, \u00e0 base de caf\u00e9, leite fresco ou produtos sol\u00faveis.<\/p>\n<p>O Coffee Fest atrai tanto os profissionais como os aficionados do caf\u00e9 de especialidade. O evento em Nova Iorque constitui uma excelente oportunidade para alargar a rede de fornecedores, educadores e especialistas, ao mesmo tempo que se saboreia o melhor caf\u00e9 dos melhores torrefatores locais da cidade.<\/p>\n<p>&nbsp;<\/p>\n<p>&nbsp;<\/p>\n<p><strong>New York Coffee Fest<\/strong><br \/>\nDe 3 a 5 de mar\u00e7o de 2024<br \/>\nDas 10h00 \u00e0s 17h00<br \/>\nStand #2306<br \/>\n<a href=\"https:\/\/www.google.com\/maps\/place\/Jacob+Javits+Convention+Center\/@40.7575545,-74.0050494,17z\/data=!3m2!4b1!5s0x89c2584a54a8579d:0xc064d2a3ccac8fb0!4m6!3m5!1s0x89c2596b0b3394a7:0x8461e42130f7d0a6!8m2!3d40.7575505!4d-74.0024691!16zL20vMDdmbnJj?hl=en&amp;entry=ttu\">Jacob Javits Convention Center<\/a><br \/>\n429 11th Ave, New York<br \/>\nNY 10001, USA<\/p>\n<p>&nbsp;<\/p>\n","protected":false},"excerpt":{"rendered":"<p>De 3 a 5 de mar\u00e7o de 2024, o Rancilio Group d\u00e1-lhe as boas-vindas ao Coffee Fest no Javits Center&#8230;<\/p>\n","protected":false},"author":5,"featured_media":73368,"comment_status":"closed","ping_status":"closed","sticky":false,"template":"","format":"standard","meta":[],"categories":[1958],"tags":[3428,3429,3169,2899,2689,2634,2633],"acf":[],"yoast_head":"<!-- This site is optimized with the Yoast SEO plugin v21.5 - https:\/\/yoast.com\/wordpress\/plugins\/seo\/ -->\n<title>Latest update about Rancilio Group no Coffee Fest em Nova Iorque - Rancilio Group<\/title>\n<meta name=\"description\" content=\"Read Rancilio Group&#039;s latest news about Rancilio Group no Coffee Fest em Nova Iorque\" \/>\n<meta name=\"robots\" content=\"index, follow, max-snippet:-1, max-image-preview:large, max-video-preview:-1\" \/>\n<link rel=\"canonical\" href=\"https:\/\/www.ranciliogroup.com\/pt-pt\/rancilio-group-no-coffee-fest-em-nova-iorque\/\" \/>\n<meta property=\"og:locale\" content=\"pt_PT\" \/>\n<meta property=\"og:type\" content=\"article\" \/>\n<meta property=\"og:title\" content=\"Latest update about Rancilio Group no Coffee Fest em Nova Iorque - Rancilio Group\" \/>\n<meta property=\"og:description\" content=\"Read Rancilio Group&#039;s latest news about Rancilio Group no Coffee Fest em Nova Iorque\" \/>\n<meta property=\"og:url\" content=\"https:\/\/www.ranciliogroup.com\/pt-pt\/rancilio-group-no-coffee-fest-em-nova-iorque\/\" \/>\n<meta property=\"og:site_name\" content=\"Rancilio Group\" \/>\n<meta property=\"article:publisher\" content=\"https:\/\/www.facebook.com\/RancilioGroup\" \/>\n<meta property=\"article:published_time\" content=\"2024-02-21T14:25:30+00:00\" \/>\n<meta property=\"og:image\" content=\"https:\/\/www.ranciliogroup.com\/app\/uploads\/2024\/02\/banner_cfest.jpg\" \/>\n\t<meta property=\"og:image:width\" content=\"1080\" \/>\n\t<meta property=\"og:image:height\" content=\"617\" \/>\n\t<meta property=\"og:image:type\" content=\"image\/jpeg\" \/>\n<meta name=\"author\" content=\"temp circular\" \/>\n<meta name=\"twitter:card\" content=\"summary_large_image\" \/>\n<meta name=\"twitter:creator\" content=\"@ranciliogroup\" \/>\n<meta name=\"twitter:site\" content=\"@ranciliogroup\" \/>\n<meta name=\"twitter:label1\" content=\"Written by\" \/>\n\t<meta name=\"twitter:data1\" content=\"temp circular\" \/>\n\t<meta name=\"twitter:label2\" content=\"Est. reading time\" \/>\n\t<meta name=\"twitter:data2\" content=\"2 minutes\" \/>\n<script type=\"application\/ld+json\" class=\"yoast-schema-graph\">{\"@context\":\"https:\/\/schema.org\",\"@graph\":[{\"@type\":\"Article\",\"@id\":\"https:\/\/www.ranciliogroup.com\/pt-pt\/rancilio-group-no-coffee-fest-em-nova-iorque\/#article\",\"isPartOf\":{\"@id\":\"https:\/\/www.ranciliogroup.com\/pt-pt\/rancilio-group-no-coffee-fest-em-nova-iorque\/\"},\"author\":{\"name\":\"temp circular\",\"@id\":\"https:\/\/www.ranciliogroup.com\/pt-pt\/#\/schema\/person\/d6bf0a7dfe74cded3d64da8b2c92814c\"},\"headline\":\"Rancilio Group no Coffee Fest em Nova Iorque\",\"datePublished\":\"2024-02-21T14:25:30+00:00\",\"dateModified\":\"2024-02-21T14:25:30+00:00\",\"mainEntityOfPage\":{\"@id\":\"https:\/\/www.ranciliogroup.com\/pt-pt\/rancilio-group-no-coffee-fest-em-nova-iorque\/\"},\"wordCount\":337,\"publisher\":{\"@id\":\"https:\/\/www.ranciliogroup.com\/pt-pt\/#organization\"},\"keywords\":[\"Coffee Fest\",\"New York\",\"MoDe\",\"Classe 5\",\"Next\",\"Kryo\",\"Invicta\"],\"articleSection\":[\"Eventos\"],\"inLanguage\":\"pt-PT\"},{\"@type\":\"WebPage\",\"@id\":\"https:\/\/www.ranciliogroup.com\/pt-pt\/rancilio-group-no-coffee-fest-em-nova-iorque\/\",\"url\":\"https:\/\/www.ranciliogroup.com\/pt-pt\/rancilio-group-no-coffee-fest-em-nova-iorque\/\",\"name\":\"Latest update about Rancilio Group no Coffee Fest em Nova Iorque - Rancilio Group\",\"isPartOf\":{\"@id\":\"https:\/\/www.ranciliogroup.com\/pt-pt\/#website\"},\"datePublished\":\"2024-02-21T14:25:30+00:00\",\"dateModified\":\"2024-02-21T14:25:30+00:00\",\"description\":\"Read Rancilio Group's latest news about Rancilio Group no Coffee Fest em Nova Iorque\",\"breadcrumb\":{\"@id\":\"https:\/\/www.ranciliogroup.com\/pt-pt\/rancilio-group-no-coffee-fest-em-nova-iorque\/#breadcrumb\"},\"inLanguage\":\"pt-PT\",\"potentialAction\":[{\"@type\":\"ReadAction\",\"target\":[\"https:\/\/www.ranciliogroup.com\/pt-pt\/rancilio-group-no-coffee-fest-em-nova-iorque\/\"]}]},{\"@type\":\"BreadcrumbList\",\"@id\":\"https:\/\/www.ranciliogroup.com\/pt-pt\/rancilio-group-no-coffee-fest-em-nova-iorque\/#breadcrumb\",\"itemListElement\":[{\"@type\":\"ListItem\",\"position\":1,\"name\":\"Home\",\"item\":\"https:\/\/www.ranciliogroup.com\/pt-pt\/\"},{\"@type\":\"ListItem\",\"position\":2,\"name\":\"Rancilio Group no Coffee Fest em Nova Iorque\"}]},{\"@type\":\"WebSite\",\"@id\":\"https:\/\/www.ranciliogroup.com\/pt-pt\/#website\",\"url\":\"https:\/\/www.ranciliogroup.com\/pt-pt\/\",\"name\":\"Rancilio Group\",\"description\":\"L\u00edder Profissional de M\u00e1quinas de Caf\u00e9\",\"publisher\":{\"@id\":\"https:\/\/www.ranciliogroup.com\/pt-pt\/#organization\"},\"potentialAction\":[{\"@type\":\"SearchAction\",\"target\":{\"@type\":\"EntryPoint\",\"urlTemplate\":\"https:\/\/www.ranciliogroup.com\/pt-pt\/?s={search_term_string}\"},\"query-input\":\"required name=search_term_string\"}],\"inLanguage\":\"pt-PT\"},{\"@type\":\"Organization\",\"@id\":\"https:\/\/www.ranciliogroup.com\/pt-pt\/#organization\",\"name\":\"Rancilio Group\",\"url\":\"https:\/\/www.ranciliogroup.com\/pt-pt\/\",\"logo\":{\"@type\":\"ImageObject\",\"inLanguage\":\"pt-PT\",\"@id\":\"https:\/\/www.ranciliogroup.com\/pt-pt\/#\/schema\/logo\/image\/\",\"url\":\"https:\/\/www.ranciliogroup.com\/app\/uploads\/2019\/07\/rancilio_black_logo.png\",\"contentUrl\":\"https:\/\/www.ranciliogroup.com\/app\/uploads\/2019\/07\/rancilio_black_logo.png\",\"width\":447,\"height\":57,\"caption\":\"Rancilio Group\"},\"image\":{\"@id\":\"https:\/\/www.ranciliogroup.com\/pt-pt\/#\/schema\/logo\/image\/\"},\"sameAs\":[\"https:\/\/www.facebook.com\/RancilioGroup\",\"https:\/\/twitter.com\/ranciliogroup\",\"https:\/\/www.instagram.com\/rancilio_official\/\",\"https:\/\/www.linkedin.com\/company\/ranciliogroup\/\",\"https:\/\/www.youtube.com\/user\/rancilioadmin\"]},{\"@type\":\"Person\",\"@id\":\"https:\/\/www.ranciliogroup.com\/pt-pt\/#\/schema\/person\/d6bf0a7dfe74cded3d64da8b2c92814c\",\"name\":\"temp circular\",\"image\":{\"@type\":\"ImageObject\",\"inLanguage\":\"pt-PT\",\"@id\":\"https:\/\/www.ranciliogroup.com\/pt-pt\/#\/schema\/person\/image\/\",\"url\":\"https:\/\/secure.gravatar.com\/avatar\/569e71c3b97b8bcad1854d6579b35c5f?s=96&d=mm&r=g\",\"contentUrl\":\"https:\/\/secure.gravatar.com\/avatar\/569e71c3b97b8bcad1854d6579b35c5f?s=96&d=mm&r=g\",\"caption\":\"temp circular\"}}]}<\/script>\n<!-- \/ Yoast SEO plugin. -->","yoast_head_json":{"title":"Latest update about Rancilio Group no Coffee Fest em Nova Iorque - Rancilio Group","description":"Read Rancilio Group's latest news about Rancilio Group no Coffee Fest em Nova Iorque","robots":{"index":"index","follow":"follow","max-snippet":"max-snippet:-1","max-image-preview":"max-image-preview:large","max-video-preview":"max-video-preview:-1"},"canonical":"https:\/\/www.ranciliogroup.com\/pt-pt\/rancilio-group-no-coffee-fest-em-nova-iorque\/","og_locale":"pt_PT","og_type":"article","og_title":"Latest update about Rancilio Group no Coffee Fest em Nova Iorque - Rancilio Group","og_description":"Read Rancilio Group's latest news about Rancilio Group no Coffee Fest em Nova Iorque","og_url":"https:\/\/www.ranciliogroup.com\/pt-pt\/rancilio-group-no-coffee-fest-em-nova-iorque\/","og_site_name":"Rancilio Group","article_publisher":"https:\/\/www.facebook.com\/RancilioGroup","article_published_time":"2024-02-21T14:25:30+00:00","og_image":[{"width":1080,"height":617,"url":"https:\/\/www.ranciliogroup.com\/app\/uploads\/2024\/02\/banner_cfest.jpg","type":"image\/jpeg"}],"author":"temp circular","twitter_card":"summary_large_image","twitter_creator":"@ranciliogroup","twitter_site":"@ranciliogroup","twitter_misc":{"Written by":"temp circular","Est. reading time":"2 minutes"},"schema":{"@context":"https:\/\/schema.org","@graph":[{"@type":"Article","@id":"https:\/\/www.ranciliogroup.com\/pt-pt\/rancilio-group-no-coffee-fest-em-nova-iorque\/#article","isPartOf":{"@id":"https:\/\/www.ranciliogroup.com\/pt-pt\/rancilio-group-no-coffee-fest-em-nova-iorque\/"},"author":{"name":"temp circular","@id":"https:\/\/www.ranciliogroup.com\/pt-pt\/#\/schema\/person\/d6bf0a7dfe74cded3d64da8b2c92814c"},"headline":"Rancilio Group no Coffee Fest em Nova Iorque","datePublished":"2024-02-21T14:25:30+00:00","dateModified":"2024-02-21T14:25:30+00:00","mainEntityOfPage":{"@id":"https:\/\/www.ranciliogroup.com\/pt-pt\/rancilio-group-no-coffee-fest-em-nova-iorque\/"},"wordCount":337,"publisher":{"@id":"https:\/\/www.ranciliogroup.com\/pt-pt\/#organization"},"keywords":["Coffee Fest","New York","MoDe","Classe 5","Next","Kryo","Invicta"],"articleSection":["Eventos"],"inLanguage":"pt-PT"},{"@type":"WebPage","@id":"https:\/\/www.ranciliogroup.com\/pt-pt\/rancilio-group-no-coffee-fest-em-nova-iorque\/","url":"https:\/\/www.ranciliogroup.com\/pt-pt\/rancilio-group-no-coffee-fest-em-nova-iorque\/","name":"Latest update about Rancilio Group no Coffee Fest em Nova Iorque - Rancilio Group","isPartOf":{"@id":"https:\/\/www.ranciliogroup.com\/pt-pt\/#website"},"datePublished":"2024-02-21T14:25:30+00:00","dateModified":"2024-02-21T14:25:30+00:00","description":"Read Rancilio Group's latest news about Rancilio Group no Coffee Fest em Nova Iorque","breadcrumb":{"@id":"https:\/\/www.ranciliogroup.com\/pt-pt\/rancilio-group-no-coffee-fest-em-nova-iorque\/#breadcrumb"},"inLanguage":"pt-PT","potentialAction":[{"@type":"ReadAction","target":["https:\/\/www.ranciliogroup.com\/pt-pt\/rancilio-group-no-coffee-fest-em-nova-iorque\/"]}]},{"@type":"BreadcrumbList","@id":"https:\/\/www.ranciliogroup.com\/pt-pt\/rancilio-group-no-coffee-fest-em-nova-iorque\/#breadcrumb","itemListElement":[{"@type":"ListItem","position":1,"name":"Home","item":"https:\/\/www.ranciliogroup.com\/pt-pt\/"},{"@type":"ListItem","position":2,"name":"Rancilio Group no Coffee Fest em Nova Iorque"}]},{"@type":"WebSite","@id":"https:\/\/www.ranciliogroup.com\/pt-pt\/#website","url":"https:\/\/www.ranciliogroup.com\/pt-pt\/","name":"Rancilio Group","description":"L\u00edder Profissional de M\u00e1quinas de Caf\u00e9","publisher":{"@id":"https:\/\/www.ranciliogroup.com\/pt-pt\/#organization"},"potentialAction":[{"@type":"SearchAction","target":{"@type":"EntryPoint","urlTemplate":"https:\/\/www.ranciliogroup.com\/pt-pt\/?s={search_term_string}"},"query-input":"required name=search_term_string"}],"inLanguage":"pt-PT"},{"@type":"Organization","@id":"https:\/\/www.ranciliogroup.com\/pt-pt\/#organization","name":"Rancilio Group","url":"https:\/\/www.ranciliogroup.com\/pt-pt\/","logo":{"@type":"ImageObject","inLanguage":"pt-PT","@id":"https:\/\/www.ranciliogroup.com\/pt-pt\/#\/schema\/logo\/image\/","url":"https:\/\/www.ranciliogroup.com\/app\/uploads\/2019\/07\/rancilio_black_logo.png","contentUrl":"https:\/\/www.ranciliogroup.com\/app\/uploads\/2019\/07\/rancilio_black_logo.png","width":447,"height":57,"caption":"Rancilio Group"},"image":{"@id":"https:\/\/www.ranciliogroup.com\/pt-pt\/#\/schema\/logo\/image\/"},"sameAs":["https:\/\/www.facebook.com\/RancilioGroup","https:\/\/twitter.com\/ranciliogroup","https:\/\/www.instagram.com\/rancilio_official\/","https:\/\/www.linkedin.com\/company\/ranciliogroup\/","https:\/\/www.youtube.com\/user\/rancilioadmin"]},{"@type":"Person","@id":"https:\/\/www.ranciliogroup.com\/pt-pt\/#\/schema\/person\/d6bf0a7dfe74cded3d64da8b2c92814c","name":"temp circular","image":{"@type":"ImageObject","inLanguage":"pt-PT","@id":"https:\/\/www.ranciliogroup.com\/pt-pt\/#\/schema\/person\/image\/","url":"https:\/\/secure.gravatar.com\/avatar\/569e71c3b97b8bcad1854d6579b35c5f?s=96&d=mm&r=g","contentUrl":"https:\/\/secure.gravatar.com\/avatar\/569e71c3b97b8bcad1854d6579b35c5f?s=96&d=mm&r=g","caption":"temp circular"}}]}},"_links":{"self":[{"href":"https:\/\/www.ranciliogroup.com\/pt-pt\/wp-json\/wp\/v2\/posts\/73382"}],"collection":[{"href":"https:\/\/www.ranciliogroup.com\/pt-pt\/wp-json\/wp\/v2\/posts"}],"about":[{"href":"https:\/\/www.ranciliogroup.com\/pt-pt\/wp-json\/wp\/v2\/types\/post"}],"author":[{"embeddable":true,"href":"https:\/\/www.ranciliogroup.com\/pt-pt\/wp-json\/wp\/v2\/users\/5"}],"replies":[{"embeddable":true,"href":"https:\/\/www.ranciliogroup.com\/pt-pt\/wp-json\/wp\/v2\/comments?post=73382"}],"version-history":[{"count":2,"href":"https:\/\/www.ranciliogroup.com\/pt-pt\/wp-json\/wp\/v2\/posts\/73382\/revisions"}],"predecessor-version":[{"id":73384,"href":"https:\/\/www.ranciliogroup.com\/pt-pt\/wp-json\/wp\/v2\/posts\/73382\/revisions\/73384"}],"wp:featuredmedia":[{"embeddable":true,"href":"https:\/\/www.ranciliogroup.com\/pt-pt\/wp-json\/wp\/v2\/media\/73368"}],"wp:attachment":[{"href":"https:\/\/www.ranciliogroup.com\/pt-pt\/wp-json\/wp\/v2\/media?parent=73382"}],"wp:term":[{"taxonomy":"category","embeddable":true,"href":"https:\/\/www.ranciliogroup.com\/pt-pt\/wp-json\/wp\/v2\/categories?post=73382"},{"taxonomy":"post_tag","embeddable":true,"href":"https:\/\/www.ranciliogroup.com\/pt-pt\/wp-json\/wp\/v2\/tags?post=73382"}],"curies":[{"name":"wp","href":"https:\/\/api.w.org\/{rel}","templated":true}]}}