{"id":73775,"date":"2024-04-30T10:14:51","date_gmt":"2024-04-30T08:14:51","guid":{"rendered":"https:\/\/www.ranciliogroup.com\/?p=73775"},"modified":"2024-04-30T10:14:51","modified_gmt":"2024-04-30T08:14:51","slug":"o-grupo-rancilio-no-national-restaurant-show","status":"publish","type":"post","link":"https:\/\/www.ranciliogroup.com\/pt-pt\/o-grupo-rancilio-no-national-restaurant-show\/","title":{"rendered":"O Grupo Rancilio no National Restaurant Show"},"content":{"rendered":"<p>De 18 a 21 de maio de 2024, o Grupo Rancilio d\u00e1-lhe as boas-vindas ao principal destino do Hemisf\u00e9rio Ocidental para profissionais de servi\u00e7os alimentares, o National Restaurant Show.<\/p>\n<p>A Rancilio Specialty RS1 e a Invicta esperam por todos os amantes das especialidades de caf\u00e9 para mostrar o potencial de cada extra\u00e7\u00e3o. Utilizando tecnologia de ponta, incluindo a fun\u00e7\u00e3o Advanced Temperature Profiling e a pr\u00e9-infus\u00e3o, estas m\u00e1quinas de caf\u00e9 profissionais permitem que os baristas desvendem os sabores e caracter\u00edsticas complexos do seu caf\u00e9 de origem \u00fanica e da sua mistura.<\/p>\n<p>As m\u00e1quinas de caf\u00e9 tradicionais Rancilio Classe 5 e Classe 7 apresentam o equil\u00edbrio perfeito entre as tecnologias de caf\u00e9 Rancilio, materiais de alta qualidade e uma estabilidade t\u00e9rmica sem igual.<\/p>\n<p>Os visitantes podem explorar a versatilidade de Egro Next e Mode, personalizadas para satisfazer as diversas necessidades de qualquer estabelecimento. Estas m\u00e1quinas totalmente autom\u00e1ticas oferecem uma vasta gama de caf\u00e9, bebidas \u00e0 base de leite e produtos sol\u00faveis para satisfazer todos os paladares.<\/p>\n<p>Para todos os aficionados do caf\u00e9 de filtro, a Egro Touch Coffee completa a gama de m\u00e1quinas totalmente autom\u00e1ticas que oferecem a m\u00e1xima variedade gra\u00e7as ao sistema de quatro recipientes, que permite ter at\u00e9 quatro tipos de caf\u00e9 diferentes dispon\u00edveis em qualquer altura.<\/p>\n<p>O National Restaurant Show \u00e9 um evento fundamental na ind\u00fastria de servi\u00e7os alimentares, sendo uma oportunidade para descobrir as \u00faltimas tend\u00eancias, solu\u00e7\u00f5es inovadoras e estabelecer liga\u00e7\u00f5es com l\u00edderes e profissionais da ind\u00fastria de todo o mundo.<\/p>\n<p>&nbsp;<\/p>\n<p>&nbsp;<\/p>\n<p><strong>O National Restaurant Show<\/strong><br \/>\n18 a 21 de maio de 2024<br \/>\n<a href=\"https:\/\/www.google.com\/maps\/place\/McCormick+Place+Lakeside+Center,+East+Building\/@41.8458004,-87.6331527,14z\/data=!3m1!5s0x880e2b824951fd8b:0xc46f8ba4eba96fb0!4m6!3m5!1s0x880e2b80c4121197:0x72ccc5d868eedc85!8m2!3d41.8523139!4d-87.6118774!16s%2Fg%2F11g8np5w3r?authuser=0&amp;entry=ttu\">McCormick Place<\/a><br \/>\nEdif\u00edcio Sul &#8211; Stand 4816<br \/>\n2301 S Martin Luther King Dr<br \/>\nChicago, IL 60616, USA<\/p>\n","protected":false},"excerpt":{"rendered":"<p>De 18 a 21 de maio de 2024, o Grupo Rancilio d\u00e1-lhe as boas-vindas ao principal destino do Hemisf\u00e9rio Ocidental&#8230;<\/p>\n","protected":false},"author":5,"featured_media":73760,"comment_status":"closed","ping_status":"closed","sticky":false,"template":"","format":"standard","meta":[],"categories":[1958],"tags":[3483,3361,3169,2935,2899,2900,2689,2633,2605],"acf":[],"yoast_head":"<!-- This site is optimized with the Yoast SEO plugin v21.5 - https:\/\/yoast.com\/wordpress\/plugins\/seo\/ -->\n<title>Latest update about O Grupo Rancilio no National Restaurant Show - Rancilio Group<\/title>\n<meta name=\"description\" content=\"Read Rancilio Group&#039;s latest news about O Grupo Rancilio no National Restaurant Show\" \/>\n<meta name=\"robots\" content=\"index, follow, max-snippet:-1, max-image-preview:large, max-video-preview:-1\" \/>\n<link rel=\"canonical\" href=\"https:\/\/www.ranciliogroup.com\/pt-pt\/o-grupo-rancilio-no-national-restaurant-show\/\" \/>\n<meta property=\"og:locale\" content=\"pt_PT\" \/>\n<meta property=\"og:type\" content=\"article\" \/>\n<meta property=\"og:title\" content=\"Latest update about O Grupo Rancilio no National Restaurant Show - Rancilio Group\" \/>\n<meta property=\"og:description\" content=\"Read Rancilio Group&#039;s latest news about O Grupo Rancilio no National Restaurant Show\" \/>\n<meta property=\"og:url\" content=\"https:\/\/www.ranciliogroup.com\/pt-pt\/o-grupo-rancilio-no-national-restaurant-show\/\" \/>\n<meta property=\"og:site_name\" content=\"Rancilio Group\" \/>\n<meta property=\"article:publisher\" content=\"https:\/\/www.facebook.com\/RancilioGroup\" \/>\n<meta property=\"article:published_time\" content=\"2024-04-30T08:14:51+00:00\" \/>\n<meta property=\"og:image\" content=\"https:\/\/www.ranciliogroup.com\/app\/uploads\/2024\/04\/rancilio-national-restaurant-show.jpg\" \/>\n\t<meta property=\"og:image:width\" content=\"1080\" \/>\n\t<meta property=\"og:image:height\" content=\"720\" \/>\n\t<meta property=\"og:image:type\" content=\"image\/jpeg\" \/>\n<meta name=\"author\" content=\"temp circular\" \/>\n<meta name=\"twitter:card\" content=\"summary_large_image\" \/>\n<meta name=\"twitter:creator\" content=\"@ranciliogroup\" \/>\n<meta name=\"twitter:site\" content=\"@ranciliogroup\" \/>\n<meta name=\"twitter:label1\" content=\"Written by\" \/>\n\t<meta name=\"twitter:data1\" content=\"temp circular\" \/>\n\t<meta name=\"twitter:label2\" content=\"Est. reading time\" \/>\n\t<meta name=\"twitter:data2\" content=\"2 minutes\" \/>\n<script type=\"application\/ld+json\" class=\"yoast-schema-graph\">{\"@context\":\"https:\/\/schema.org\",\"@graph\":[{\"@type\":\"Article\",\"@id\":\"https:\/\/www.ranciliogroup.com\/pt-pt\/o-grupo-rancilio-no-national-restaurant-show\/#article\",\"isPartOf\":{\"@id\":\"https:\/\/www.ranciliogroup.com\/pt-pt\/o-grupo-rancilio-no-national-restaurant-show\/\"},\"author\":{\"name\":\"temp circular\",\"@id\":\"https:\/\/www.ranciliogroup.com\/pt-pt\/#\/schema\/person\/d6bf0a7dfe74cded3d64da8b2c92814c\"},\"headline\":\"O Grupo Rancilio no National Restaurant Show\",\"datePublished\":\"2024-04-30T08:14:51+00:00\",\"dateModified\":\"2024-04-30T08:14:51+00:00\",\"mainEntityOfPage\":{\"@id\":\"https:\/\/www.ranciliogroup.com\/pt-pt\/o-grupo-rancilio-no-national-restaurant-show\/\"},\"wordCount\":295,\"publisher\":{\"@id\":\"https:\/\/www.ranciliogroup.com\/pt-pt\/#organization\"},\"keywords\":[\"National Restaurant Show\",\"RS1\",\"MoDe\",\"Touch Coffee\",\"Classe 5\",\"Classe 7\",\"Next\",\"Invicta\",\"RS1\"],\"articleSection\":[\"Eventos\"],\"inLanguage\":\"pt-PT\"},{\"@type\":\"WebPage\",\"@id\":\"https:\/\/www.ranciliogroup.com\/pt-pt\/o-grupo-rancilio-no-national-restaurant-show\/\",\"url\":\"https:\/\/www.ranciliogroup.com\/pt-pt\/o-grupo-rancilio-no-national-restaurant-show\/\",\"name\":\"Latest update about O Grupo Rancilio no National Restaurant Show - Rancilio Group\",\"isPartOf\":{\"@id\":\"https:\/\/www.ranciliogroup.com\/pt-pt\/#website\"},\"datePublished\":\"2024-04-30T08:14:51+00:00\",\"dateModified\":\"2024-04-30T08:14:51+00:00\",\"description\":\"Read Rancilio Group's latest news about O Grupo Rancilio no National Restaurant Show\",\"breadcrumb\":{\"@id\":\"https:\/\/www.ranciliogroup.com\/pt-pt\/o-grupo-rancilio-no-national-restaurant-show\/#breadcrumb\"},\"inLanguage\":\"pt-PT\",\"potentialAction\":[{\"@type\":\"ReadAction\",\"target\":[\"https:\/\/www.ranciliogroup.com\/pt-pt\/o-grupo-rancilio-no-national-restaurant-show\/\"]}]},{\"@type\":\"BreadcrumbList\",\"@id\":\"https:\/\/www.ranciliogroup.com\/pt-pt\/o-grupo-rancilio-no-national-restaurant-show\/#breadcrumb\",\"itemListElement\":[{\"@type\":\"ListItem\",\"position\":1,\"name\":\"Home\",\"item\":\"https:\/\/www.ranciliogroup.com\/pt-pt\/\"},{\"@type\":\"ListItem\",\"position\":2,\"name\":\"O Grupo Rancilio no National Restaurant Show\"}]},{\"@type\":\"WebSite\",\"@id\":\"https:\/\/www.ranciliogroup.com\/pt-pt\/#website\",\"url\":\"https:\/\/www.ranciliogroup.com\/pt-pt\/\",\"name\":\"Rancilio Group\",\"description\":\"L\u00edder Profissional de M\u00e1quinas de Caf\u00e9\",\"publisher\":{\"@id\":\"https:\/\/www.ranciliogroup.com\/pt-pt\/#organization\"},\"potentialAction\":[{\"@type\":\"SearchAction\",\"target\":{\"@type\":\"EntryPoint\",\"urlTemplate\":\"https:\/\/www.ranciliogroup.com\/pt-pt\/?s={search_term_string}\"},\"query-input\":\"required name=search_term_string\"}],\"inLanguage\":\"pt-PT\"},{\"@type\":\"Organization\",\"@id\":\"https:\/\/www.ranciliogroup.com\/pt-pt\/#organization\",\"name\":\"Rancilio Group\",\"url\":\"https:\/\/www.ranciliogroup.com\/pt-pt\/\",\"logo\":{\"@type\":\"ImageObject\",\"inLanguage\":\"pt-PT\",\"@id\":\"https:\/\/www.ranciliogroup.com\/pt-pt\/#\/schema\/logo\/image\/\",\"url\":\"https:\/\/www.ranciliogroup.com\/app\/uploads\/2019\/07\/rancilio_black_logo.png\",\"contentUrl\":\"https:\/\/www.ranciliogroup.com\/app\/uploads\/2019\/07\/rancilio_black_logo.png\",\"width\":447,\"height\":57,\"caption\":\"Rancilio Group\"},\"image\":{\"@id\":\"https:\/\/www.ranciliogroup.com\/pt-pt\/#\/schema\/logo\/image\/\"},\"sameAs\":[\"https:\/\/www.facebook.com\/RancilioGroup\",\"https:\/\/twitter.com\/ranciliogroup\",\"https:\/\/www.instagram.com\/rancilio_official\/\",\"https:\/\/www.linkedin.com\/company\/ranciliogroup\/\",\"https:\/\/www.youtube.com\/user\/rancilioadmin\"]},{\"@type\":\"Person\",\"@id\":\"https:\/\/www.ranciliogroup.com\/pt-pt\/#\/schema\/person\/d6bf0a7dfe74cded3d64da8b2c92814c\",\"name\":\"temp circular\",\"image\":{\"@type\":\"ImageObject\",\"inLanguage\":\"pt-PT\",\"@id\":\"https:\/\/www.ranciliogroup.com\/pt-pt\/#\/schema\/person\/image\/\",\"url\":\"https:\/\/secure.gravatar.com\/avatar\/569e71c3b97b8bcad1854d6579b35c5f?s=96&d=mm&r=g\",\"contentUrl\":\"https:\/\/secure.gravatar.com\/avatar\/569e71c3b97b8bcad1854d6579b35c5f?s=96&d=mm&r=g\",\"caption\":\"temp circular\"}}]}<\/script>\n<!-- \/ Yoast SEO plugin. -->","yoast_head_json":{"title":"Latest update about O Grupo Rancilio no National Restaurant Show - Rancilio Group","description":"Read Rancilio Group's latest news about O Grupo Rancilio no National Restaurant Show","robots":{"index":"index","follow":"follow","max-snippet":"max-snippet:-1","max-image-preview":"max-image-preview:large","max-video-preview":"max-video-preview:-1"},"canonical":"https:\/\/www.ranciliogroup.com\/pt-pt\/o-grupo-rancilio-no-national-restaurant-show\/","og_locale":"pt_PT","og_type":"article","og_title":"Latest update about O Grupo Rancilio no National Restaurant Show - Rancilio Group","og_description":"Read Rancilio Group's latest news about O Grupo Rancilio no National Restaurant Show","og_url":"https:\/\/www.ranciliogroup.com\/pt-pt\/o-grupo-rancilio-no-national-restaurant-show\/","og_site_name":"Rancilio Group","article_publisher":"https:\/\/www.facebook.com\/RancilioGroup","article_published_time":"2024-04-30T08:14:51+00:00","og_image":[{"width":1080,"height":720,"url":"https:\/\/www.ranciliogroup.com\/app\/uploads\/2024\/04\/rancilio-national-restaurant-show.jpg","type":"image\/jpeg"}],"author":"temp circular","twitter_card":"summary_large_image","twitter_creator":"@ranciliogroup","twitter_site":"@ranciliogroup","twitter_misc":{"Written by":"temp circular","Est. reading time":"2 minutes"},"schema":{"@context":"https:\/\/schema.org","@graph":[{"@type":"Article","@id":"https:\/\/www.ranciliogroup.com\/pt-pt\/o-grupo-rancilio-no-national-restaurant-show\/#article","isPartOf":{"@id":"https:\/\/www.ranciliogroup.com\/pt-pt\/o-grupo-rancilio-no-national-restaurant-show\/"},"author":{"name":"temp circular","@id":"https:\/\/www.ranciliogroup.com\/pt-pt\/#\/schema\/person\/d6bf0a7dfe74cded3d64da8b2c92814c"},"headline":"O Grupo Rancilio no National Restaurant Show","datePublished":"2024-04-30T08:14:51+00:00","dateModified":"2024-04-30T08:14:51+00:00","mainEntityOfPage":{"@id":"https:\/\/www.ranciliogroup.com\/pt-pt\/o-grupo-rancilio-no-national-restaurant-show\/"},"wordCount":295,"publisher":{"@id":"https:\/\/www.ranciliogroup.com\/pt-pt\/#organization"},"keywords":["National Restaurant Show","RS1","MoDe","Touch Coffee","Classe 5","Classe 7","Next","Invicta","RS1"],"articleSection":["Eventos"],"inLanguage":"pt-PT"},{"@type":"WebPage","@id":"https:\/\/www.ranciliogroup.com\/pt-pt\/o-grupo-rancilio-no-national-restaurant-show\/","url":"https:\/\/www.ranciliogroup.com\/pt-pt\/o-grupo-rancilio-no-national-restaurant-show\/","name":"Latest update about O Grupo Rancilio no National Restaurant Show - Rancilio Group","isPartOf":{"@id":"https:\/\/www.ranciliogroup.com\/pt-pt\/#website"},"datePublished":"2024-04-30T08:14:51+00:00","dateModified":"2024-04-30T08:14:51+00:00","description":"Read Rancilio Group's latest news about O Grupo Rancilio no National Restaurant Show","breadcrumb":{"@id":"https:\/\/www.ranciliogroup.com\/pt-pt\/o-grupo-rancilio-no-national-restaurant-show\/#breadcrumb"},"inLanguage":"pt-PT","potentialAction":[{"@type":"ReadAction","target":["https:\/\/www.ranciliogroup.com\/pt-pt\/o-grupo-rancilio-no-national-restaurant-show\/"]}]},{"@type":"BreadcrumbList","@id":"https:\/\/www.ranciliogroup.com\/pt-pt\/o-grupo-rancilio-no-national-restaurant-show\/#breadcrumb","itemListElement":[{"@type":"ListItem","position":1,"name":"Home","item":"https:\/\/www.ranciliogroup.com\/pt-pt\/"},{"@type":"ListItem","position":2,"name":"O Grupo Rancilio no National Restaurant Show"}]},{"@type":"WebSite","@id":"https:\/\/www.ranciliogroup.com\/pt-pt\/#website","url":"https:\/\/www.ranciliogroup.com\/pt-pt\/","name":"Rancilio Group","description":"L\u00edder Profissional de M\u00e1quinas de Caf\u00e9","publisher":{"@id":"https:\/\/www.ranciliogroup.com\/pt-pt\/#organization"},"potentialAction":[{"@type":"SearchAction","target":{"@type":"EntryPoint","urlTemplate":"https:\/\/www.ranciliogroup.com\/pt-pt\/?s={search_term_string}"},"query-input":"required name=search_term_string"}],"inLanguage":"pt-PT"},{"@type":"Organization","@id":"https:\/\/www.ranciliogroup.com\/pt-pt\/#organization","name":"Rancilio Group","url":"https:\/\/www.ranciliogroup.com\/pt-pt\/","logo":{"@type":"ImageObject","inLanguage":"pt-PT","@id":"https:\/\/www.ranciliogroup.com\/pt-pt\/#\/schema\/logo\/image\/","url":"https:\/\/www.ranciliogroup.com\/app\/uploads\/2019\/07\/rancilio_black_logo.png","contentUrl":"https:\/\/www.ranciliogroup.com\/app\/uploads\/2019\/07\/rancilio_black_logo.png","width":447,"height":57,"caption":"Rancilio Group"},"image":{"@id":"https:\/\/www.ranciliogroup.com\/pt-pt\/#\/schema\/logo\/image\/"},"sameAs":["https:\/\/www.facebook.com\/RancilioGroup","https:\/\/twitter.com\/ranciliogroup","https:\/\/www.instagram.com\/rancilio_official\/","https:\/\/www.linkedin.com\/company\/ranciliogroup\/","https:\/\/www.youtube.com\/user\/rancilioadmin"]},{"@type":"Person","@id":"https:\/\/www.ranciliogroup.com\/pt-pt\/#\/schema\/person\/d6bf0a7dfe74cded3d64da8b2c92814c","name":"temp circular","image":{"@type":"ImageObject","inLanguage":"pt-PT","@id":"https:\/\/www.ranciliogroup.com\/pt-pt\/#\/schema\/person\/image\/","url":"https:\/\/secure.gravatar.com\/avatar\/569e71c3b97b8bcad1854d6579b35c5f?s=96&d=mm&r=g","contentUrl":"https:\/\/secure.gravatar.com\/avatar\/569e71c3b97b8bcad1854d6579b35c5f?s=96&d=mm&r=g","caption":"temp circular"}}]}},"_links":{"self":[{"href":"https:\/\/www.ranciliogroup.com\/pt-pt\/wp-json\/wp\/v2\/posts\/73775"}],"collection":[{"href":"https:\/\/www.ranciliogroup.com\/pt-pt\/wp-json\/wp\/v2\/posts"}],"about":[{"href":"https:\/\/www.ranciliogroup.com\/pt-pt\/wp-json\/wp\/v2\/types\/post"}],"author":[{"embeddable":true,"href":"https:\/\/www.ranciliogroup.com\/pt-pt\/wp-json\/wp\/v2\/users\/5"}],"replies":[{"embeddable":true,"href":"https:\/\/www.ranciliogroup.com\/pt-pt\/wp-json\/wp\/v2\/comments?post=73775"}],"version-history":[{"count":2,"href":"https:\/\/www.ranciliogroup.com\/pt-pt\/wp-json\/wp\/v2\/posts\/73775\/revisions"}],"predecessor-version":[{"id":73777,"href":"https:\/\/www.ranciliogroup.com\/pt-pt\/wp-json\/wp\/v2\/posts\/73775\/revisions\/73777"}],"wp:featuredmedia":[{"embeddable":true,"href":"https:\/\/www.ranciliogroup.com\/pt-pt\/wp-json\/wp\/v2\/media\/73760"}],"wp:attachment":[{"href":"https:\/\/www.ranciliogroup.com\/pt-pt\/wp-json\/wp\/v2\/media?parent=73775"}],"wp:term":[{"taxonomy":"category","embeddable":true,"href":"https:\/\/www.ranciliogroup.com\/pt-pt\/wp-json\/wp\/v2\/categories?post=73775"},{"taxonomy":"post_tag","embeddable":true,"href":"https:\/\/www.ranciliogroup.com\/pt-pt\/wp-json\/wp\/v2\/tags?post=73775"}],"curies":[{"name":"wp","href":"https:\/\/api.w.org\/{rel}","templated":true}]}}