{"id":74030,"date":"2024-06-06T17:31:31","date_gmt":"2024-06-06T15:31:31","guid":{"rendered":"https:\/\/www.ranciliogroup.com\/?p=74030"},"modified":"2024-06-06T17:31:31","modified_gmt":"2024-06-06T15:31:31","slug":"rancilio-group-no-world-of-coffee-copenhagen-2024","status":"publish","type":"post","link":"https:\/\/www.ranciliogroup.com\/pt-pt\/rancilio-group-no-world-of-coffee-copenhagen-2024\/","title":{"rendered":"Rancilio Group no World of Coffee Copenhagen 2024"},"content":{"rendered":"<p>De 27 a 29 de junho, o Rancilio Group convida-o para o World of Coffee no Bella Center, na pitoresca e vibrante cidade de Copenhaga.<\/p>\n<p>A Rancilio Specialty RS1 est\u00e1 a preparar-se para realizar degusta\u00e7\u00f5es, oferecendo aos convidados sofisticadas bebidas \u00e0 base de caf\u00e9 expresso e apresentando a sua tecnologia de ponta Advanced Temperature Profiling. Al\u00e9m disso, a m\u00e1quina de caf\u00e9 de caldeira \u00fanica Invicta ir\u00e1 servir deliciosos caf\u00e9s gelados com o chocolate em p\u00f3 Van Houten.<\/p>\n<p>A Rancilio Classe 5 ir\u00e1 demonstrar as tecnologias de poupan\u00e7a de energia e as possibilidades de design compacto para baristas e bartenders que se preocupam com o ambiente. Enquanto isso, os moinhos profissionais Bond e Kryo Elite ir\u00e3o garantir um desempenho perfeito. Para os entusiastas do caf\u00e9 em casa, Silvia Pro X ir\u00e1 proporcionar infus\u00f5es excecionais com a sua tecnologia de caldeira dupla e controlo de temperatura PID.<\/p>\n<p>Para quem prefere m\u00e1quinas totalmente autom\u00e1ticas, a nova Egro MoDe ir\u00e1 servir uma variedade de bebidas \u00e0 base de caf\u00e9 e leite fresco. O stand do Grupo Rancilio ter\u00e1 tamb\u00e9m um espa\u00e7o dedicado \u00e0s m\u00e1quinas de caf\u00e9 de filtro Crem &#8211; Coffee Queen, perfeitas para quem aprecia uma bebida suave e arom\u00e1tica.<\/p>\n<p>Incluindo no programa as edi\u00e7\u00f5es de 2024 das competi\u00e7\u00f5es World Latte Art, do World Coffee in Good Spirits e do World Coffee Roasting Championship, o World of Coffee Copenhagen \u00e9 a principal feira de caf\u00e9 de especialidade da Europa deste ano e oferece uma oportunidade imperd\u00edvel para descobrir as \u00faltimas tend\u00eancias e inova\u00e7\u00f5es do setor.<\/p>\n<p>&nbsp;<\/p>\n<p><strong>World of Coffee <\/strong><strong>2024<\/strong><br \/>\n27 a 29 de junho de 2024<br \/>\nStand CF-010<br \/>\n<a href=\"https:\/\/www.google.com\/maps\/place\/Bella+Center+Copenhagen\/@55.6380141,12.576259,17z\/data=!3m2!4b1!5s0x465254a4eeec0777:0x55f95a7fe9ed3f83!4m6!3m5!1s0x465254a363269c3d:0x61db300fc92fb898!8m2!3d55.6380111!4d12.5788393!16s%2Fm%2F02q36f2?authuser=0&amp;entry=ttu\">Bella Center Copenhagen<\/a><br \/>\nCenter Boulevard. 5<br \/>\n2300 K\u00f8benhavn S, Dinamarca<\/p>\n<p>&nbsp;<\/p>\n<p>&nbsp;<\/p>\n<p><a href=\"https:\/\/www.worldofcoffee.org\/\"><strong>Descubra o evento<\/strong><\/a><\/p>\n<p>&nbsp;<\/p>\n<p>&nbsp;<\/p>\n","protected":false},"excerpt":{"rendered":"<p>De 27 a 29 de junho, o Rancilio Group convida-o para o World of Coffee no Bella Center, na pitoresca&#8230;<\/p>\n","protected":false},"author":5,"featured_media":74007,"comment_status":"closed","ping_status":"closed","sticky":false,"template":"","format":"standard","meta":[],"categories":[1958],"tags":[3524,3168,3169,2978,2861,2742,2744,2689,2634,2633,2605],"acf":[],"yoast_head":"<!-- This site is optimized with the Yoast SEO plugin v21.5 - https:\/\/yoast.com\/wordpress\/plugins\/seo\/ -->\n<title>Latest update about Rancilio Group no World of Coffee Copenhagen 2024 - Rancilio Group<\/title>\n<meta name=\"description\" content=\"Read Rancilio Group&#039;s latest news about Rancilio Group no World of Coffee Copenhagen 2024\" \/>\n<meta name=\"robots\" content=\"index, follow, max-snippet:-1, max-image-preview:large, max-video-preview:-1\" \/>\n<link rel=\"canonical\" href=\"https:\/\/www.ranciliogroup.com\/pt-pt\/rancilio-group-no-world-of-coffee-copenhagen-2024\/\" \/>\n<meta property=\"og:locale\" content=\"pt_PT\" \/>\n<meta property=\"og:type\" content=\"article\" \/>\n<meta property=\"og:title\" content=\"Latest update about Rancilio Group no World of Coffee Copenhagen 2024 - Rancilio Group\" \/>\n<meta property=\"og:description\" content=\"Read Rancilio Group&#039;s latest news about Rancilio Group no World of Coffee Copenhagen 2024\" \/>\n<meta property=\"og:url\" content=\"https:\/\/www.ranciliogroup.com\/pt-pt\/rancilio-group-no-world-of-coffee-copenhagen-2024\/\" \/>\n<meta property=\"og:site_name\" content=\"Rancilio Group\" \/>\n<meta property=\"article:publisher\" content=\"https:\/\/www.facebook.com\/RancilioGroup\" \/>\n<meta property=\"article:published_time\" content=\"2024-06-06T15:31:31+00:00\" \/>\n<meta property=\"og:image\" content=\"https:\/\/www.ranciliogroup.com\/app\/uploads\/2024\/06\/WOC-Copenhagen-02.jpg\" \/>\n\t<meta property=\"og:image:width\" content=\"1375\" \/>\n\t<meta property=\"og:image:height\" content=\"720\" \/>\n\t<meta property=\"og:image:type\" content=\"image\/jpeg\" \/>\n<meta name=\"author\" content=\"temp circular\" \/>\n<meta name=\"twitter:card\" content=\"summary_large_image\" \/>\n<meta name=\"twitter:creator\" content=\"@ranciliogroup\" \/>\n<meta name=\"twitter:site\" content=\"@ranciliogroup\" \/>\n<meta name=\"twitter:label1\" content=\"Written by\" \/>\n\t<meta name=\"twitter:data1\" content=\"temp circular\" \/>\n\t<meta name=\"twitter:label2\" content=\"Est. reading time\" \/>\n\t<meta name=\"twitter:data2\" content=\"2 minutes\" \/>\n<script type=\"application\/ld+json\" class=\"yoast-schema-graph\">{\"@context\":\"https:\/\/schema.org\",\"@graph\":[{\"@type\":\"Article\",\"@id\":\"https:\/\/www.ranciliogroup.com\/pt-pt\/rancilio-group-no-world-of-coffee-copenhagen-2024\/#article\",\"isPartOf\":{\"@id\":\"https:\/\/www.ranciliogroup.com\/pt-pt\/rancilio-group-no-world-of-coffee-copenhagen-2024\/\"},\"author\":{\"name\":\"temp circular\",\"@id\":\"https:\/\/www.ranciliogroup.com\/pt-pt\/#\/schema\/person\/d6bf0a7dfe74cded3d64da8b2c92814c\"},\"headline\":\"Rancilio Group no World of Coffee Copenhagen 2024\",\"datePublished\":\"2024-06-06T15:31:31+00:00\",\"dateModified\":\"2024-06-06T15:31:31+00:00\",\"mainEntityOfPage\":{\"@id\":\"https:\/\/www.ranciliogroup.com\/pt-pt\/rancilio-group-no-world-of-coffee-copenhagen-2024\/\"},\"wordCount\":296,\"publisher\":{\"@id\":\"https:\/\/www.ranciliogroup.com\/pt-pt\/#organization\"},\"keywords\":[\"Copenhagen\",\"Bond\",\"MoDe\",\"Classe 5 Eco\",\"Stile\",\"WOC\",\"Silvia Pro X\",\"Next\",\"Kryo\",\"Invicta\",\"RS1\"],\"articleSection\":[\"Eventos\"],\"inLanguage\":\"pt-PT\"},{\"@type\":\"WebPage\",\"@id\":\"https:\/\/www.ranciliogroup.com\/pt-pt\/rancilio-group-no-world-of-coffee-copenhagen-2024\/\",\"url\":\"https:\/\/www.ranciliogroup.com\/pt-pt\/rancilio-group-no-world-of-coffee-copenhagen-2024\/\",\"name\":\"Latest update about Rancilio Group no World of Coffee Copenhagen 2024 - Rancilio Group\",\"isPartOf\":{\"@id\":\"https:\/\/www.ranciliogroup.com\/pt-pt\/#website\"},\"datePublished\":\"2024-06-06T15:31:31+00:00\",\"dateModified\":\"2024-06-06T15:31:31+00:00\",\"description\":\"Read Rancilio Group's latest news about Rancilio Group no World of Coffee Copenhagen 2024\",\"breadcrumb\":{\"@id\":\"https:\/\/www.ranciliogroup.com\/pt-pt\/rancilio-group-no-world-of-coffee-copenhagen-2024\/#breadcrumb\"},\"inLanguage\":\"pt-PT\",\"potentialAction\":[{\"@type\":\"ReadAction\",\"target\":[\"https:\/\/www.ranciliogroup.com\/pt-pt\/rancilio-group-no-world-of-coffee-copenhagen-2024\/\"]}]},{\"@type\":\"BreadcrumbList\",\"@id\":\"https:\/\/www.ranciliogroup.com\/pt-pt\/rancilio-group-no-world-of-coffee-copenhagen-2024\/#breadcrumb\",\"itemListElement\":[{\"@type\":\"ListItem\",\"position\":1,\"name\":\"Home\",\"item\":\"https:\/\/www.ranciliogroup.com\/pt-pt\/\"},{\"@type\":\"ListItem\",\"position\":2,\"name\":\"Rancilio Group no World of Coffee Copenhagen 2024\"}]},{\"@type\":\"WebSite\",\"@id\":\"https:\/\/www.ranciliogroup.com\/pt-pt\/#website\",\"url\":\"https:\/\/www.ranciliogroup.com\/pt-pt\/\",\"name\":\"Rancilio Group\",\"description\":\"L\u00edder Profissional de M\u00e1quinas de Caf\u00e9\",\"publisher\":{\"@id\":\"https:\/\/www.ranciliogroup.com\/pt-pt\/#organization\"},\"potentialAction\":[{\"@type\":\"SearchAction\",\"target\":{\"@type\":\"EntryPoint\",\"urlTemplate\":\"https:\/\/www.ranciliogroup.com\/pt-pt\/?s={search_term_string}\"},\"query-input\":\"required name=search_term_string\"}],\"inLanguage\":\"pt-PT\"},{\"@type\":\"Organization\",\"@id\":\"https:\/\/www.ranciliogroup.com\/pt-pt\/#organization\",\"name\":\"Rancilio Group\",\"url\":\"https:\/\/www.ranciliogroup.com\/pt-pt\/\",\"logo\":{\"@type\":\"ImageObject\",\"inLanguage\":\"pt-PT\",\"@id\":\"https:\/\/www.ranciliogroup.com\/pt-pt\/#\/schema\/logo\/image\/\",\"url\":\"https:\/\/www.ranciliogroup.com\/app\/uploads\/2019\/07\/rancilio_black_logo.png\",\"contentUrl\":\"https:\/\/www.ranciliogroup.com\/app\/uploads\/2019\/07\/rancilio_black_logo.png\",\"width\":447,\"height\":57,\"caption\":\"Rancilio Group\"},\"image\":{\"@id\":\"https:\/\/www.ranciliogroup.com\/pt-pt\/#\/schema\/logo\/image\/\"},\"sameAs\":[\"https:\/\/www.facebook.com\/RancilioGroup\",\"https:\/\/twitter.com\/ranciliogroup\",\"https:\/\/www.instagram.com\/rancilio_official\/\",\"https:\/\/www.linkedin.com\/company\/ranciliogroup\/\",\"https:\/\/www.youtube.com\/user\/rancilioadmin\"]},{\"@type\":\"Person\",\"@id\":\"https:\/\/www.ranciliogroup.com\/pt-pt\/#\/schema\/person\/d6bf0a7dfe74cded3d64da8b2c92814c\",\"name\":\"temp circular\",\"image\":{\"@type\":\"ImageObject\",\"inLanguage\":\"pt-PT\",\"@id\":\"https:\/\/www.ranciliogroup.com\/pt-pt\/#\/schema\/person\/image\/\",\"url\":\"https:\/\/secure.gravatar.com\/avatar\/569e71c3b97b8bcad1854d6579b35c5f?s=96&d=mm&r=g\",\"contentUrl\":\"https:\/\/secure.gravatar.com\/avatar\/569e71c3b97b8bcad1854d6579b35c5f?s=96&d=mm&r=g\",\"caption\":\"temp circular\"}}]}<\/script>\n<!-- \/ Yoast SEO plugin. -->","yoast_head_json":{"title":"Latest update about Rancilio Group no World of Coffee Copenhagen 2024 - Rancilio Group","description":"Read Rancilio Group's latest news about Rancilio Group no World of Coffee Copenhagen 2024","robots":{"index":"index","follow":"follow","max-snippet":"max-snippet:-1","max-image-preview":"max-image-preview:large","max-video-preview":"max-video-preview:-1"},"canonical":"https:\/\/www.ranciliogroup.com\/pt-pt\/rancilio-group-no-world-of-coffee-copenhagen-2024\/","og_locale":"pt_PT","og_type":"article","og_title":"Latest update about Rancilio Group no World of Coffee Copenhagen 2024 - Rancilio Group","og_description":"Read Rancilio Group's latest news about Rancilio Group no World of Coffee Copenhagen 2024","og_url":"https:\/\/www.ranciliogroup.com\/pt-pt\/rancilio-group-no-world-of-coffee-copenhagen-2024\/","og_site_name":"Rancilio Group","article_publisher":"https:\/\/www.facebook.com\/RancilioGroup","article_published_time":"2024-06-06T15:31:31+00:00","og_image":[{"width":1375,"height":720,"url":"https:\/\/www.ranciliogroup.com\/app\/uploads\/2024\/06\/WOC-Copenhagen-02.jpg","type":"image\/jpeg"}],"author":"temp circular","twitter_card":"summary_large_image","twitter_creator":"@ranciliogroup","twitter_site":"@ranciliogroup","twitter_misc":{"Written by":"temp circular","Est. reading time":"2 minutes"},"schema":{"@context":"https:\/\/schema.org","@graph":[{"@type":"Article","@id":"https:\/\/www.ranciliogroup.com\/pt-pt\/rancilio-group-no-world-of-coffee-copenhagen-2024\/#article","isPartOf":{"@id":"https:\/\/www.ranciliogroup.com\/pt-pt\/rancilio-group-no-world-of-coffee-copenhagen-2024\/"},"author":{"name":"temp circular","@id":"https:\/\/www.ranciliogroup.com\/pt-pt\/#\/schema\/person\/d6bf0a7dfe74cded3d64da8b2c92814c"},"headline":"Rancilio Group no World of Coffee Copenhagen 2024","datePublished":"2024-06-06T15:31:31+00:00","dateModified":"2024-06-06T15:31:31+00:00","mainEntityOfPage":{"@id":"https:\/\/www.ranciliogroup.com\/pt-pt\/rancilio-group-no-world-of-coffee-copenhagen-2024\/"},"wordCount":296,"publisher":{"@id":"https:\/\/www.ranciliogroup.com\/pt-pt\/#organization"},"keywords":["Copenhagen","Bond","MoDe","Classe 5 Eco","Stile","WOC","Silvia Pro X","Next","Kryo","Invicta","RS1"],"articleSection":["Eventos"],"inLanguage":"pt-PT"},{"@type":"WebPage","@id":"https:\/\/www.ranciliogroup.com\/pt-pt\/rancilio-group-no-world-of-coffee-copenhagen-2024\/","url":"https:\/\/www.ranciliogroup.com\/pt-pt\/rancilio-group-no-world-of-coffee-copenhagen-2024\/","name":"Latest update about Rancilio Group no World of Coffee Copenhagen 2024 - Rancilio Group","isPartOf":{"@id":"https:\/\/www.ranciliogroup.com\/pt-pt\/#website"},"datePublished":"2024-06-06T15:31:31+00:00","dateModified":"2024-06-06T15:31:31+00:00","description":"Read Rancilio Group's latest news about Rancilio Group no World of Coffee Copenhagen 2024","breadcrumb":{"@id":"https:\/\/www.ranciliogroup.com\/pt-pt\/rancilio-group-no-world-of-coffee-copenhagen-2024\/#breadcrumb"},"inLanguage":"pt-PT","potentialAction":[{"@type":"ReadAction","target":["https:\/\/www.ranciliogroup.com\/pt-pt\/rancilio-group-no-world-of-coffee-copenhagen-2024\/"]}]},{"@type":"BreadcrumbList","@id":"https:\/\/www.ranciliogroup.com\/pt-pt\/rancilio-group-no-world-of-coffee-copenhagen-2024\/#breadcrumb","itemListElement":[{"@type":"ListItem","position":1,"name":"Home","item":"https:\/\/www.ranciliogroup.com\/pt-pt\/"},{"@type":"ListItem","position":2,"name":"Rancilio Group no World of Coffee Copenhagen 2024"}]},{"@type":"WebSite","@id":"https:\/\/www.ranciliogroup.com\/pt-pt\/#website","url":"https:\/\/www.ranciliogroup.com\/pt-pt\/","name":"Rancilio Group","description":"L\u00edder Profissional de M\u00e1quinas de Caf\u00e9","publisher":{"@id":"https:\/\/www.ranciliogroup.com\/pt-pt\/#organization"},"potentialAction":[{"@type":"SearchAction","target":{"@type":"EntryPoint","urlTemplate":"https:\/\/www.ranciliogroup.com\/pt-pt\/?s={search_term_string}"},"query-input":"required name=search_term_string"}],"inLanguage":"pt-PT"},{"@type":"Organization","@id":"https:\/\/www.ranciliogroup.com\/pt-pt\/#organization","name":"Rancilio Group","url":"https:\/\/www.ranciliogroup.com\/pt-pt\/","logo":{"@type":"ImageObject","inLanguage":"pt-PT","@id":"https:\/\/www.ranciliogroup.com\/pt-pt\/#\/schema\/logo\/image\/","url":"https:\/\/www.ranciliogroup.com\/app\/uploads\/2019\/07\/rancilio_black_logo.png","contentUrl":"https:\/\/www.ranciliogroup.com\/app\/uploads\/2019\/07\/rancilio_black_logo.png","width":447,"height":57,"caption":"Rancilio Group"},"image":{"@id":"https:\/\/www.ranciliogroup.com\/pt-pt\/#\/schema\/logo\/image\/"},"sameAs":["https:\/\/www.facebook.com\/RancilioGroup","https:\/\/twitter.com\/ranciliogroup","https:\/\/www.instagram.com\/rancilio_official\/","https:\/\/www.linkedin.com\/company\/ranciliogroup\/","https:\/\/www.youtube.com\/user\/rancilioadmin"]},{"@type":"Person","@id":"https:\/\/www.ranciliogroup.com\/pt-pt\/#\/schema\/person\/d6bf0a7dfe74cded3d64da8b2c92814c","name":"temp circular","image":{"@type":"ImageObject","inLanguage":"pt-PT","@id":"https:\/\/www.ranciliogroup.com\/pt-pt\/#\/schema\/person\/image\/","url":"https:\/\/secure.gravatar.com\/avatar\/569e71c3b97b8bcad1854d6579b35c5f?s=96&d=mm&r=g","contentUrl":"https:\/\/secure.gravatar.com\/avatar\/569e71c3b97b8bcad1854d6579b35c5f?s=96&d=mm&r=g","caption":"temp circular"}}]}},"_links":{"self":[{"href":"https:\/\/www.ranciliogroup.com\/pt-pt\/wp-json\/wp\/v2\/posts\/74030"}],"collection":[{"href":"https:\/\/www.ranciliogroup.com\/pt-pt\/wp-json\/wp\/v2\/posts"}],"about":[{"href":"https:\/\/www.ranciliogroup.com\/pt-pt\/wp-json\/wp\/v2\/types\/post"}],"author":[{"embeddable":true,"href":"https:\/\/www.ranciliogroup.com\/pt-pt\/wp-json\/wp\/v2\/users\/5"}],"replies":[{"embeddable":true,"href":"https:\/\/www.ranciliogroup.com\/pt-pt\/wp-json\/wp\/v2\/comments?post=74030"}],"version-history":[{"count":3,"href":"https:\/\/www.ranciliogroup.com\/pt-pt\/wp-json\/wp\/v2\/posts\/74030\/revisions"}],"predecessor-version":[{"id":74033,"href":"https:\/\/www.ranciliogroup.com\/pt-pt\/wp-json\/wp\/v2\/posts\/74030\/revisions\/74033"}],"wp:featuredmedia":[{"embeddable":true,"href":"https:\/\/www.ranciliogroup.com\/pt-pt\/wp-json\/wp\/v2\/media\/74007"}],"wp:attachment":[{"href":"https:\/\/www.ranciliogroup.com\/pt-pt\/wp-json\/wp\/v2\/media?parent=74030"}],"wp:term":[{"taxonomy":"category","embeddable":true,"href":"https:\/\/www.ranciliogroup.com\/pt-pt\/wp-json\/wp\/v2\/categories?post=74030"},{"taxonomy":"post_tag","embeddable":true,"href":"https:\/\/www.ranciliogroup.com\/pt-pt\/wp-json\/wp\/v2\/tags?post=74030"}],"curies":[{"name":"wp","href":"https:\/\/api.w.org\/{rel}","templated":true}]}}