{"id":74865,"date":"2024-07-26T12:19:38","date_gmt":"2024-07-26T10:19:38","guid":{"rendered":"https:\/\/www.ranciliogroup.com\/?p=74865"},"modified":"2024-07-26T12:19:38","modified_gmt":"2024-07-26T10:19:38","slug":"a-rancilio-specialty-junta-se-ao-barista-league-na-america-do-norte","status":"publish","type":"post","link":"https:\/\/www.ranciliogroup.com\/pt-pt\/a-rancilio-specialty-junta-se-ao-barista-league-na-america-do-norte\/","title":{"rendered":"A Rancilio Specialty junta-se ao Barista League na Am\u00e9rica do Norte"},"content":{"rendered":"<p>De 17 a 29 de agosto, a Rancilio Specialty e a Barista League unem for\u00e7as mais uma vez para uma s\u00e9rie de eventos emocionantes em toda a Am\u00e9rica do Norte, dirigidos a todos os amantes do caf\u00e9.<\/p>\n<p>Trinta equipas, compostas por sessenta intr\u00e9pidos baristas, est\u00e3o a preparar-se para utilizar a tecnologia avan\u00e7ada Invicta da Rancilio Specialty enquanto competem em rondas concebidas para testar os seus conhecimentos e compet\u00eancias na prepara\u00e7\u00e3o de caf\u00e9.<\/p>\n<p>A interface de f\u00e1cil utiliza\u00e7\u00e3o e o pr\u00e1tico bot\u00e3o de vapor de duas posi\u00e7\u00f5es da Rancilio Specialty Invicta guiar\u00e3o os concorrentes na elabora\u00e7\u00e3o de bebidas de caf\u00e9 excecionais, permitindo que as suas capacidades e criatividade brilhem.<\/p>\n<p>Cada competi\u00e7\u00e3o ser\u00e1 avaliada por especialistas de elite e convidados misteriosos, que servir\u00e3o de desafio final na busca do grande pr\u00e9mio: umas f\u00e9rias com todas as despesas pagas para um local misterioso de produ\u00e7\u00e3o de caf\u00e9, atribu\u00eddas juntamente com todos os outros campe\u00f5es da Barista League em 2024.<\/p>\n<p>Os h\u00f3spedes podem esperar jogos emocionantes, m\u00fasica vibrante e caf\u00e9 de origem local dos melhores torrefatores da Am\u00e9rica do Norte. Estes eventos, que ter\u00e3o lugar em Denver, Brooklyn e Montreal, prometem ser uma experi\u00eancia imersiva na atual comunidade do caf\u00e9, rodeada de boas vibra\u00e7\u00f5es e divers\u00e3o, como \u00e9 garantido em todos os eventos da Barista League.<\/p>\n<p>Bilhetes dispon\u00edveis em <a href=\"https:\/\/www.tickettailor.com\/events\/thebaristaleague?\">tickettailor.com<\/a><\/p>\n<p>&nbsp;<\/p>\n<p>&nbsp;<\/p>\n<p><strong>A Barista League Denver<\/strong><br \/>\n17 de agosto<br \/>\nDas 18h00 \u00e0s 23h00<br \/>\n<a href=\"https:\/\/www.google.se\/maps\/place\/1255+W+Virginia+Ave,+Denver,+CO+80223,+USA\/@39.7078777,-105.0080787,17z\/data=!3m1!4b1!4m10!1m2!2m1!1sHuckleberry+Roasters+1255+W+Virginia+Ave!3m6!1s0x876c7f12292425b1:0xd3e66317cfb06a0e!8m2!3d39.7078737!4d-105.0034653!15sCihIdWNrbGViZXJyeSBSb2FzdGVycyAxMjU1IFcgVmlyZ2luaWEgQXZlIgOIAQGSARFjb21wb3VuZF9idWlsZGluZ-ABAA!16s%2Fg%2F11c2hjw1nq?entry=ttu\">Huckleberry Roasters<\/a><br \/>\n1255 W. Virginia Ave<br \/>\nDenver CO 80223<\/p>\n<p>&nbsp;<\/p>\n<p><strong>A Barista League Brooklyn<\/strong><br \/>\n24 de agosto<br \/>\n<a href=\"https:\/\/www.google.com\/maps\/place\/Steady+Equipment+Corporation+dba+Poursteady\/@40.6728863,-73.9935459,17z\/data=!3m2!4b1!5s0x89c25aab429f7f67:0x2074d28e50ad2301!4m6!3m5!1s0x89c25a545754588d:0xf301d99301ff123c!8m2!3d40.6728823!4d-73.990971!16s%2Fg%2F11b8096rvc?entry=tts\">Poursteady<\/a><br \/>\n168 7th St #1A<br \/>\nBrooklyn, NY 11215<\/p>\n<p>&nbsp;<\/p>\n<p><strong>A Barista League Montreal<\/strong><br \/>\n29 de agosto<br \/>\n<a href=\"https:\/\/www.google.com\/maps\/place\/Society+for+Arts+and+Technology\/@45.5593046,-73.876679,11z\/data=!4m7!3m6!1s0x4cc91a4e0c746d9f:0x7660ab5cfd2ecc15!8m2!3d45.5095481!4d-73.5627861!15sCg1zYXRzIG1vbnRyZWFsWg8iDXNhdHMgbW9udHJlYWySAQphcnRfY2VudGVymgEjQ2haRFNVaE5NRzluUzBWSlEwRm5TVU5QZGtwRGFGUjNFQUXgAQA!16s%2Fg%2F121rcq88?entry=tts\">SATS<\/a><br \/>\n1201 St Laurent Blvd<br \/>\nMontreal, Quebec H2X 2S6<\/p>\n<p>&nbsp;<\/p>\n<p><strong>Acompanhe o evento na nossa p\u00e1gina oficial do Instagram<\/strong><br \/>\n@ranciliospecialty #ranciliospecialty<\/p>\n<p>&nbsp;<\/p>\n<p><a href=\"https:\/\/www.ranciliogroup.com\/specialty\/invicta\/\"><strong>Descubra Rancilio Specialty Invicta<\/strong><\/a><\/p>\n<p>&nbsp;<\/p>\n<p>&nbsp;<\/p>\n","protected":false},"excerpt":{"rendered":"<p>De 17 a 29 de agosto, a Rancilio Specialty e a Barista League unem for\u00e7as mais uma vez para uma&#8230;<\/p>\n","protected":false},"author":5,"featured_media":74878,"comment_status":"closed","ping_status":"closed","sticky":false,"template":"","format":"standard","meta":[],"categories":[1958],"tags":[3605,3606,3607,2633,2606],"acf":[],"yoast_head":"<!-- This site is optimized with the Yoast SEO plugin v21.5 - https:\/\/yoast.com\/wordpress\/plugins\/seo\/ -->\n<title>Latest update about A Rancilio Specialty junta-se ao Barista League na Am\u00e9rica do Norte - Rancilio Group<\/title>\n<meta name=\"description\" content=\"Read Rancilio Group&#039;s latest news about A Rancilio Specialty junta-se ao Barista League na Am\u00e9rica do Norte\" \/>\n<meta name=\"robots\" content=\"index, follow, max-snippet:-1, max-image-preview:large, max-video-preview:-1\" \/>\n<link rel=\"canonical\" href=\"https:\/\/www.ranciliogroup.com\/pt-pt\/a-rancilio-specialty-junta-se-ao-barista-league-na-america-do-norte\/\" \/>\n<meta property=\"og:locale\" content=\"pt_PT\" \/>\n<meta property=\"og:type\" content=\"article\" \/>\n<meta property=\"og:title\" content=\"Latest update about A Rancilio Specialty junta-se ao Barista League na Am\u00e9rica do Norte - Rancilio Group\" \/>\n<meta property=\"og:description\" content=\"Read Rancilio Group&#039;s latest news about A Rancilio Specialty junta-se ao Barista League na Am\u00e9rica do Norte\" \/>\n<meta property=\"og:url\" content=\"https:\/\/www.ranciliogroup.com\/pt-pt\/a-rancilio-specialty-junta-se-ao-barista-league-na-america-do-norte\/\" \/>\n<meta property=\"og:site_name\" content=\"Rancilio Group\" \/>\n<meta property=\"article:publisher\" content=\"https:\/\/www.facebook.com\/RancilioGroup\" \/>\n<meta property=\"article:published_time\" content=\"2024-07-26T10:19:38+00:00\" \/>\n<meta property=\"og:image\" content=\"https:\/\/www.ranciliogroup.com\/app\/uploads\/2024\/07\/TBL_RANCILIO_SPECIALTY.jpg\" \/>\n\t<meta property=\"og:image:width\" content=\"1080\" \/>\n\t<meta property=\"og:image:height\" content=\"720\" \/>\n\t<meta property=\"og:image:type\" content=\"image\/jpeg\" \/>\n<meta name=\"author\" content=\"temp circular\" \/>\n<meta name=\"twitter:card\" content=\"summary_large_image\" \/>\n<meta name=\"twitter:creator\" content=\"@ranciliogroup\" \/>\n<meta name=\"twitter:site\" content=\"@ranciliogroup\" \/>\n<meta name=\"twitter:label1\" content=\"Written by\" \/>\n\t<meta name=\"twitter:data1\" content=\"temp circular\" \/>\n\t<meta name=\"twitter:label2\" content=\"Est. reading time\" \/>\n\t<meta name=\"twitter:data2\" content=\"2 minutes\" \/>\n<script type=\"application\/ld+json\" class=\"yoast-schema-graph\">{\"@context\":\"https:\/\/schema.org\",\"@graph\":[{\"@type\":\"Article\",\"@id\":\"https:\/\/www.ranciliogroup.com\/pt-pt\/a-rancilio-specialty-junta-se-ao-barista-league-na-america-do-norte\/#article\",\"isPartOf\":{\"@id\":\"https:\/\/www.ranciliogroup.com\/pt-pt\/a-rancilio-specialty-junta-se-ao-barista-league-na-america-do-norte\/\"},\"author\":{\"name\":\"temp circular\",\"@id\":\"https:\/\/www.ranciliogroup.com\/pt-pt\/#\/schema\/person\/d6bf0a7dfe74cded3d64da8b2c92814c\"},\"headline\":\"A Rancilio Specialty junta-se ao Barista League na Am\u00e9rica do Norte\",\"datePublished\":\"2024-07-26T10:19:38+00:00\",\"dateModified\":\"2024-07-26T10:19:38+00:00\",\"mainEntityOfPage\":{\"@id\":\"https:\/\/www.ranciliogroup.com\/pt-pt\/a-rancilio-specialty-junta-se-ao-barista-league-na-america-do-norte\/\"},\"wordCount\":323,\"publisher\":{\"@id\":\"https:\/\/www.ranciliogroup.com\/pt-pt\/#organization\"},\"keywords\":[\"Montreal\",\"Brooklyn\",\"Denver\",\"Invicta\",\"Barista League\"],\"articleSection\":[\"Eventos\"],\"inLanguage\":\"pt-PT\"},{\"@type\":\"WebPage\",\"@id\":\"https:\/\/www.ranciliogroup.com\/pt-pt\/a-rancilio-specialty-junta-se-ao-barista-league-na-america-do-norte\/\",\"url\":\"https:\/\/www.ranciliogroup.com\/pt-pt\/a-rancilio-specialty-junta-se-ao-barista-league-na-america-do-norte\/\",\"name\":\"Latest update about A Rancilio Specialty junta-se ao Barista League na Am\u00e9rica do Norte - Rancilio Group\",\"isPartOf\":{\"@id\":\"https:\/\/www.ranciliogroup.com\/pt-pt\/#website\"},\"datePublished\":\"2024-07-26T10:19:38+00:00\",\"dateModified\":\"2024-07-26T10:19:38+00:00\",\"description\":\"Read Rancilio Group's latest news about A Rancilio Specialty junta-se ao Barista League na Am\u00e9rica do Norte\",\"breadcrumb\":{\"@id\":\"https:\/\/www.ranciliogroup.com\/pt-pt\/a-rancilio-specialty-junta-se-ao-barista-league-na-america-do-norte\/#breadcrumb\"},\"inLanguage\":\"pt-PT\",\"potentialAction\":[{\"@type\":\"ReadAction\",\"target\":[\"https:\/\/www.ranciliogroup.com\/pt-pt\/a-rancilio-specialty-junta-se-ao-barista-league-na-america-do-norte\/\"]}]},{\"@type\":\"BreadcrumbList\",\"@id\":\"https:\/\/www.ranciliogroup.com\/pt-pt\/a-rancilio-specialty-junta-se-ao-barista-league-na-america-do-norte\/#breadcrumb\",\"itemListElement\":[{\"@type\":\"ListItem\",\"position\":1,\"name\":\"Home\",\"item\":\"https:\/\/www.ranciliogroup.com\/pt-pt\/\"},{\"@type\":\"ListItem\",\"position\":2,\"name\":\"A Rancilio Specialty junta-se ao Barista League na Am\u00e9rica do Norte\"}]},{\"@type\":\"WebSite\",\"@id\":\"https:\/\/www.ranciliogroup.com\/pt-pt\/#website\",\"url\":\"https:\/\/www.ranciliogroup.com\/pt-pt\/\",\"name\":\"Rancilio Group\",\"description\":\"L\u00edder Profissional de M\u00e1quinas de Caf\u00e9\",\"publisher\":{\"@id\":\"https:\/\/www.ranciliogroup.com\/pt-pt\/#organization\"},\"potentialAction\":[{\"@type\":\"SearchAction\",\"target\":{\"@type\":\"EntryPoint\",\"urlTemplate\":\"https:\/\/www.ranciliogroup.com\/pt-pt\/?s={search_term_string}\"},\"query-input\":\"required name=search_term_string\"}],\"inLanguage\":\"pt-PT\"},{\"@type\":\"Organization\",\"@id\":\"https:\/\/www.ranciliogroup.com\/pt-pt\/#organization\",\"name\":\"Rancilio Group\",\"url\":\"https:\/\/www.ranciliogroup.com\/pt-pt\/\",\"logo\":{\"@type\":\"ImageObject\",\"inLanguage\":\"pt-PT\",\"@id\":\"https:\/\/www.ranciliogroup.com\/pt-pt\/#\/schema\/logo\/image\/\",\"url\":\"https:\/\/www.ranciliogroup.com\/app\/uploads\/2019\/07\/rancilio_black_logo.png\",\"contentUrl\":\"https:\/\/www.ranciliogroup.com\/app\/uploads\/2019\/07\/rancilio_black_logo.png\",\"width\":447,\"height\":57,\"caption\":\"Rancilio Group\"},\"image\":{\"@id\":\"https:\/\/www.ranciliogroup.com\/pt-pt\/#\/schema\/logo\/image\/\"},\"sameAs\":[\"https:\/\/www.facebook.com\/RancilioGroup\",\"https:\/\/twitter.com\/ranciliogroup\",\"https:\/\/www.instagram.com\/rancilio_official\/\",\"https:\/\/www.linkedin.com\/company\/ranciliogroup\/\",\"https:\/\/www.youtube.com\/user\/rancilioadmin\"]},{\"@type\":\"Person\",\"@id\":\"https:\/\/www.ranciliogroup.com\/pt-pt\/#\/schema\/person\/d6bf0a7dfe74cded3d64da8b2c92814c\",\"name\":\"temp circular\",\"image\":{\"@type\":\"ImageObject\",\"inLanguage\":\"pt-PT\",\"@id\":\"https:\/\/www.ranciliogroup.com\/pt-pt\/#\/schema\/person\/image\/\",\"url\":\"https:\/\/secure.gravatar.com\/avatar\/569e71c3b97b8bcad1854d6579b35c5f?s=96&d=mm&r=g\",\"contentUrl\":\"https:\/\/secure.gravatar.com\/avatar\/569e71c3b97b8bcad1854d6579b35c5f?s=96&d=mm&r=g\",\"caption\":\"temp circular\"}}]}<\/script>\n<!-- \/ Yoast SEO plugin. -->","yoast_head_json":{"title":"Latest update about A Rancilio Specialty junta-se ao Barista League na Am\u00e9rica do Norte - Rancilio Group","description":"Read Rancilio Group's latest news about A Rancilio Specialty junta-se ao Barista League na Am\u00e9rica do Norte","robots":{"index":"index","follow":"follow","max-snippet":"max-snippet:-1","max-image-preview":"max-image-preview:large","max-video-preview":"max-video-preview:-1"},"canonical":"https:\/\/www.ranciliogroup.com\/pt-pt\/a-rancilio-specialty-junta-se-ao-barista-league-na-america-do-norte\/","og_locale":"pt_PT","og_type":"article","og_title":"Latest update about A Rancilio Specialty junta-se ao Barista League na Am\u00e9rica do Norte - Rancilio Group","og_description":"Read Rancilio Group's latest news about A Rancilio Specialty junta-se ao Barista League na Am\u00e9rica do Norte","og_url":"https:\/\/www.ranciliogroup.com\/pt-pt\/a-rancilio-specialty-junta-se-ao-barista-league-na-america-do-norte\/","og_site_name":"Rancilio Group","article_publisher":"https:\/\/www.facebook.com\/RancilioGroup","article_published_time":"2024-07-26T10:19:38+00:00","og_image":[{"width":1080,"height":720,"url":"https:\/\/www.ranciliogroup.com\/app\/uploads\/2024\/07\/TBL_RANCILIO_SPECIALTY.jpg","type":"image\/jpeg"}],"author":"temp circular","twitter_card":"summary_large_image","twitter_creator":"@ranciliogroup","twitter_site":"@ranciliogroup","twitter_misc":{"Written by":"temp circular","Est. reading time":"2 minutes"},"schema":{"@context":"https:\/\/schema.org","@graph":[{"@type":"Article","@id":"https:\/\/www.ranciliogroup.com\/pt-pt\/a-rancilio-specialty-junta-se-ao-barista-league-na-america-do-norte\/#article","isPartOf":{"@id":"https:\/\/www.ranciliogroup.com\/pt-pt\/a-rancilio-specialty-junta-se-ao-barista-league-na-america-do-norte\/"},"author":{"name":"temp circular","@id":"https:\/\/www.ranciliogroup.com\/pt-pt\/#\/schema\/person\/d6bf0a7dfe74cded3d64da8b2c92814c"},"headline":"A Rancilio Specialty junta-se ao Barista League na Am\u00e9rica do Norte","datePublished":"2024-07-26T10:19:38+00:00","dateModified":"2024-07-26T10:19:38+00:00","mainEntityOfPage":{"@id":"https:\/\/www.ranciliogroup.com\/pt-pt\/a-rancilio-specialty-junta-se-ao-barista-league-na-america-do-norte\/"},"wordCount":323,"publisher":{"@id":"https:\/\/www.ranciliogroup.com\/pt-pt\/#organization"},"keywords":["Montreal","Brooklyn","Denver","Invicta","Barista League"],"articleSection":["Eventos"],"inLanguage":"pt-PT"},{"@type":"WebPage","@id":"https:\/\/www.ranciliogroup.com\/pt-pt\/a-rancilio-specialty-junta-se-ao-barista-league-na-america-do-norte\/","url":"https:\/\/www.ranciliogroup.com\/pt-pt\/a-rancilio-specialty-junta-se-ao-barista-league-na-america-do-norte\/","name":"Latest update about A Rancilio Specialty junta-se ao Barista League na Am\u00e9rica do Norte - Rancilio Group","isPartOf":{"@id":"https:\/\/www.ranciliogroup.com\/pt-pt\/#website"},"datePublished":"2024-07-26T10:19:38+00:00","dateModified":"2024-07-26T10:19:38+00:00","description":"Read Rancilio Group's latest news about A Rancilio Specialty junta-se ao Barista League na Am\u00e9rica do Norte","breadcrumb":{"@id":"https:\/\/www.ranciliogroup.com\/pt-pt\/a-rancilio-specialty-junta-se-ao-barista-league-na-america-do-norte\/#breadcrumb"},"inLanguage":"pt-PT","potentialAction":[{"@type":"ReadAction","target":["https:\/\/www.ranciliogroup.com\/pt-pt\/a-rancilio-specialty-junta-se-ao-barista-league-na-america-do-norte\/"]}]},{"@type":"BreadcrumbList","@id":"https:\/\/www.ranciliogroup.com\/pt-pt\/a-rancilio-specialty-junta-se-ao-barista-league-na-america-do-norte\/#breadcrumb","itemListElement":[{"@type":"ListItem","position":1,"name":"Home","item":"https:\/\/www.ranciliogroup.com\/pt-pt\/"},{"@type":"ListItem","position":2,"name":"A Rancilio Specialty junta-se ao Barista League na Am\u00e9rica do Norte"}]},{"@type":"WebSite","@id":"https:\/\/www.ranciliogroup.com\/pt-pt\/#website","url":"https:\/\/www.ranciliogroup.com\/pt-pt\/","name":"Rancilio Group","description":"L\u00edder Profissional de M\u00e1quinas de Caf\u00e9","publisher":{"@id":"https:\/\/www.ranciliogroup.com\/pt-pt\/#organization"},"potentialAction":[{"@type":"SearchAction","target":{"@type":"EntryPoint","urlTemplate":"https:\/\/www.ranciliogroup.com\/pt-pt\/?s={search_term_string}"},"query-input":"required name=search_term_string"}],"inLanguage":"pt-PT"},{"@type":"Organization","@id":"https:\/\/www.ranciliogroup.com\/pt-pt\/#organization","name":"Rancilio Group","url":"https:\/\/www.ranciliogroup.com\/pt-pt\/","logo":{"@type":"ImageObject","inLanguage":"pt-PT","@id":"https:\/\/www.ranciliogroup.com\/pt-pt\/#\/schema\/logo\/image\/","url":"https:\/\/www.ranciliogroup.com\/app\/uploads\/2019\/07\/rancilio_black_logo.png","contentUrl":"https:\/\/www.ranciliogroup.com\/app\/uploads\/2019\/07\/rancilio_black_logo.png","width":447,"height":57,"caption":"Rancilio Group"},"image":{"@id":"https:\/\/www.ranciliogroup.com\/pt-pt\/#\/schema\/logo\/image\/"},"sameAs":["https:\/\/www.facebook.com\/RancilioGroup","https:\/\/twitter.com\/ranciliogroup","https:\/\/www.instagram.com\/rancilio_official\/","https:\/\/www.linkedin.com\/company\/ranciliogroup\/","https:\/\/www.youtube.com\/user\/rancilioadmin"]},{"@type":"Person","@id":"https:\/\/www.ranciliogroup.com\/pt-pt\/#\/schema\/person\/d6bf0a7dfe74cded3d64da8b2c92814c","name":"temp circular","image":{"@type":"ImageObject","inLanguage":"pt-PT","@id":"https:\/\/www.ranciliogroup.com\/pt-pt\/#\/schema\/person\/image\/","url":"https:\/\/secure.gravatar.com\/avatar\/569e71c3b97b8bcad1854d6579b35c5f?s=96&d=mm&r=g","contentUrl":"https:\/\/secure.gravatar.com\/avatar\/569e71c3b97b8bcad1854d6579b35c5f?s=96&d=mm&r=g","caption":"temp circular"}}]}},"_links":{"self":[{"href":"https:\/\/www.ranciliogroup.com\/pt-pt\/wp-json\/wp\/v2\/posts\/74865"}],"collection":[{"href":"https:\/\/www.ranciliogroup.com\/pt-pt\/wp-json\/wp\/v2\/posts"}],"about":[{"href":"https:\/\/www.ranciliogroup.com\/pt-pt\/wp-json\/wp\/v2\/types\/post"}],"author":[{"embeddable":true,"href":"https:\/\/www.ranciliogroup.com\/pt-pt\/wp-json\/wp\/v2\/users\/5"}],"replies":[{"embeddable":true,"href":"https:\/\/www.ranciliogroup.com\/pt-pt\/wp-json\/wp\/v2\/comments?post=74865"}],"version-history":[{"count":3,"href":"https:\/\/www.ranciliogroup.com\/pt-pt\/wp-json\/wp\/v2\/posts\/74865\/revisions"}],"predecessor-version":[{"id":74868,"href":"https:\/\/www.ranciliogroup.com\/pt-pt\/wp-json\/wp\/v2\/posts\/74865\/revisions\/74868"}],"wp:featuredmedia":[{"embeddable":true,"href":"https:\/\/www.ranciliogroup.com\/pt-pt\/wp-json\/wp\/v2\/media\/74878"}],"wp:attachment":[{"href":"https:\/\/www.ranciliogroup.com\/pt-pt\/wp-json\/wp\/v2\/media?parent=74865"}],"wp:term":[{"taxonomy":"category","embeddable":true,"href":"https:\/\/www.ranciliogroup.com\/pt-pt\/wp-json\/wp\/v2\/categories?post=74865"},{"taxonomy":"post_tag","embeddable":true,"href":"https:\/\/www.ranciliogroup.com\/pt-pt\/wp-json\/wp\/v2\/tags?post=74865"}],"curies":[{"name":"wp","href":"https:\/\/api.w.org\/{rel}","templated":true}]}}