{"id":75108,"date":"2024-08-30T11:43:18","date_gmt":"2024-08-30T09:43:18","guid":{"rendered":"https:\/\/www.ranciliogroup.com\/?p=75108"},"modified":"2024-08-30T11:43:18","modified_gmt":"2024-08-30T09:43:18","slug":"julius-meinl-sera-o-anfitriao-da-grande-final-da-barista-cup-com-a-rancilio-specialty-rs1","status":"publish","type":"post","link":"https:\/\/www.ranciliogroup.com\/pt-pt\/julius-meinl-sera-o-anfitriao-da-grande-final-da-barista-cup-com-a-rancilio-specialty-rs1\/","title":{"rendered":"Julius Meinl ser\u00e1 o anfitri\u00e3o da grande final da Barista Cup com a Rancilio Specialty RS1"},"content":{"rendered":"<p>A marca de caf\u00e9 premium Julius Meinl sediar\u00e1 a grande final de sua primeira competi\u00e7\u00e3o internacional de baristas em sua hist\u00f3rica sede em Viena em 19 de setembro de 2024. Baristas de 12 pa\u00edses, incluindo \u00c1ustria, It\u00e1lia e EUA, mostrar\u00e3o a sua maestria em caf\u00e9 expresso, cappuccino e prepara\u00e7\u00e3o de bebidas exclusivas.<\/p>\n<p>Depois de conquistarem os seus lugares atrav\u00e9s da sua competi\u00e7\u00e3o nacional, estes baristas de topo ir\u00e3o competir no palco internacional ao lado da m\u00e1quina de caf\u00e9 expresso caldeira Rancilio Specialty RS1. Reconhecida pela sua tecnologia de infus\u00e3o de ponta, a RS1 oferece aos baristas um controlo inigual\u00e1vel sobre o processo de extra\u00e7\u00e3o de caf\u00e9 expresso atrav\u00e9s do Advanced Temperature Profiling. Esta tecnologia permite que os concorrentes ajustem a temperatura, materializando todo o potencial de sabor de cada gr\u00e3o de caf\u00e9. O desenho exclusivo do fluxo de trabalho da RS1, combinado com a experi\u00eancia da Rancilio, garante que cada ch\u00e1vena servida durante a competi\u00e7\u00e3o atenda aos mais altos padr\u00f5es de qualidade e sabor.<\/p>\n<p>Estimados jurados, incluindo Tim Sturk, Angelika Galas, Ali Vogel e Agnieszka Rojewska, avaliar\u00e3o os concorrentes, enquanto a personalidade da TV croata Iva \u0160ulenti\u0107 moderar\u00e1 o evento. &#8220;Estamos entusiasmados em colaborar com as principais marcas do sector como parte de nosso compromisso cont\u00ednuo com a inova\u00e7\u00e3o.&#8221; \u2013 declara Angelika Galas, chefe da Julius Meinl Coffee Academy \u2013 &#8220;Adotar a tecnologia mais recente \u00e9 essencial para servir experi\u00eancias de caf\u00e9 premium. Ao fornecer aos nossos baristas as melhores ferramentas e equipamentos, podemos capacit\u00e1-los a oferecer excel\u00eancia em cada ch\u00e1vena.&#8221;<\/p>\n<p>O evento promete ser uma celebra\u00e7\u00e3o da excel\u00eancia do caf\u00e9, com cada barista trazendo o seu talento \u00fanico para o cen\u00e1rio mundial. O vencedor embarcar\u00e1 em uma viagem exclusiva para Honduras, mergulhando na rica cultura do caf\u00e9 do pa\u00eds.<\/p>\n<p>&nbsp;<\/p>\n<p>&nbsp;<\/p>\n<p><strong>Julius Meinl Barista Cup 2024<\/strong><br \/>\n19 de setembro de 2024<br \/>\nA partir das 16:30<br \/>\n<a href=\"https:\/\/www.google.com\/maps\/place\/Julius+Meinl+Online+Shop+(Caf\u00e9,+ch\u00e1+%26+more+Store)+-+Viena\/@48.2205916,16.3083143,17z\/data=!3m1!4b1!4m6!3m5!1s0x476d086d184cfa85:0xbd4e3265807d4753!8m2!3d48.2205916!4d16.3108946!16s%2Fg%2F1txfmz02?authuser=0&amp;entry=ttu&amp;g_ep=EgoyMDI0MDgyMS4wIKXMDSoASAFQAw%3D%3D\">Sede Julius Meinl<\/a><br \/>\nJulius-Meinl-Gasse 3-7<br \/>\n1160 Viena (Vienna), \u00c1ustria<\/p>\n<p>&nbsp;<\/p>\n<p><strong>Descubra o evento<\/strong><br \/>\n<a href=\"https:\/\/juliusmeinl.com\/barista-cup\">https:\/\/juliusmeinl.com\/barista-cup<\/a><\/p>\n<p>&nbsp;<\/p>\n<p><a href=\"https:\/\/www.ranciliogroup.com\/pt-pt\/specialty\/rs1\/\"><strong>Descubra a Rancilio Specialty RS1<\/strong><\/a><\/p>\n","protected":false},"excerpt":{"rendered":"<p>A marca de caf\u00e9 premium Julius Meinl sediar\u00e1 a grande final de sua primeira competi\u00e7\u00e3o internacional de baristas em sua&#8230;<\/p>\n","protected":false},"author":5,"featured_media":75091,"comment_status":"closed","ping_status":"closed","sticky":false,"template":"","format":"standard","meta":[],"categories":[1958],"tags":[3658,3646,3462,3360,2605],"acf":[],"yoast_head":"<!-- This site is optimized with the Yoast SEO plugin v21.5 - https:\/\/yoast.com\/wordpress\/plugins\/seo\/ -->\n<title>Latest update about Julius Meinl ser\u00e1 o anfitri\u00e3o da grande final da Barista Cup com a Rancilio Specialty RS1 - Rancilio Group<\/title>\n<meta name=\"description\" content=\"Read Rancilio Group&#039;s latest news about Julius Meinl ser\u00e1 o anfitri\u00e3o da grande final da Barista Cup com a Rancilio Specialty RS1\" \/>\n<meta name=\"robots\" content=\"index, follow, max-snippet:-1, max-image-preview:large, max-video-preview:-1\" \/>\n<link rel=\"canonical\" href=\"https:\/\/www.ranciliogroup.com\/pt-pt\/julius-meinl-sera-o-anfitriao-da-grande-final-da-barista-cup-com-a-rancilio-specialty-rs1\/\" \/>\n<meta property=\"og:locale\" content=\"pt_PT\" \/>\n<meta property=\"og:type\" content=\"article\" \/>\n<meta property=\"og:title\" content=\"Latest update about Julius Meinl ser\u00e1 o anfitri\u00e3o da grande final da Barista Cup com a Rancilio Specialty RS1 - Rancilio Group\" \/>\n<meta property=\"og:description\" content=\"Read Rancilio Group&#039;s latest news about Julius Meinl ser\u00e1 o anfitri\u00e3o da grande final da Barista Cup com a Rancilio Specialty RS1\" \/>\n<meta property=\"og:url\" content=\"https:\/\/www.ranciliogroup.com\/pt-pt\/julius-meinl-sera-o-anfitriao-da-grande-final-da-barista-cup-com-a-rancilio-specialty-rs1\/\" \/>\n<meta property=\"og:site_name\" content=\"Rancilio Group\" \/>\n<meta property=\"article:publisher\" content=\"https:\/\/www.facebook.com\/RancilioGroup\" \/>\n<meta property=\"article:published_time\" content=\"2024-08-30T09:43:18+00:00\" \/>\n<meta property=\"og:image\" content=\"https:\/\/www.ranciliogroup.com\/app\/uploads\/2024\/08\/Rancilio_Specialty_JM-Barista-Cup-2024.jpg\" \/>\n\t<meta property=\"og:image:width\" content=\"1080\" \/>\n\t<meta property=\"og:image:height\" content=\"720\" \/>\n\t<meta property=\"og:image:type\" content=\"image\/jpeg\" \/>\n<meta name=\"author\" content=\"temp circular\" \/>\n<meta name=\"twitter:card\" content=\"summary_large_image\" \/>\n<meta name=\"twitter:creator\" content=\"@ranciliogroup\" \/>\n<meta name=\"twitter:site\" content=\"@ranciliogroup\" \/>\n<meta name=\"twitter:label1\" content=\"Written by\" \/>\n\t<meta name=\"twitter:data1\" content=\"temp circular\" \/>\n\t<meta name=\"twitter:label2\" content=\"Est. reading time\" \/>\n\t<meta name=\"twitter:data2\" content=\"2 minutes\" \/>\n<script type=\"application\/ld+json\" class=\"yoast-schema-graph\">{\"@context\":\"https:\/\/schema.org\",\"@graph\":[{\"@type\":\"Article\",\"@id\":\"https:\/\/www.ranciliogroup.com\/pt-pt\/julius-meinl-sera-o-anfitriao-da-grande-final-da-barista-cup-com-a-rancilio-specialty-rs1\/#article\",\"isPartOf\":{\"@id\":\"https:\/\/www.ranciliogroup.com\/pt-pt\/julius-meinl-sera-o-anfitriao-da-grande-final-da-barista-cup-com-a-rancilio-specialty-rs1\/\"},\"author\":{\"name\":\"temp circular\",\"@id\":\"https:\/\/www.ranciliogroup.com\/pt-pt\/#\/schema\/person\/d6bf0a7dfe74cded3d64da8b2c92814c\"},\"headline\":\"Julius Meinl ser\u00e1 o anfitri\u00e3o da grande final da Barista Cup com a Rancilio Specialty RS1\",\"datePublished\":\"2024-08-30T09:43:18+00:00\",\"dateModified\":\"2024-08-30T09:43:18+00:00\",\"mainEntityOfPage\":{\"@id\":\"https:\/\/www.ranciliogroup.com\/pt-pt\/julius-meinl-sera-o-anfitriao-da-grande-final-da-barista-cup-com-a-rancilio-specialty-rs1\/\"},\"wordCount\":365,\"publisher\":{\"@id\":\"https:\/\/www.ranciliogroup.com\/pt-pt\/#organization\"},\"keywords\":[\"Austria\",\"Barista Championship\",\"Julius Meinl\",\"Advanced Temperature Profiling\",\"RS1\"],\"articleSection\":[\"Eventos\"],\"inLanguage\":\"pt-PT\"},{\"@type\":\"WebPage\",\"@id\":\"https:\/\/www.ranciliogroup.com\/pt-pt\/julius-meinl-sera-o-anfitriao-da-grande-final-da-barista-cup-com-a-rancilio-specialty-rs1\/\",\"url\":\"https:\/\/www.ranciliogroup.com\/pt-pt\/julius-meinl-sera-o-anfitriao-da-grande-final-da-barista-cup-com-a-rancilio-specialty-rs1\/\",\"name\":\"Latest update about Julius Meinl ser\u00e1 o anfitri\u00e3o da grande final da Barista Cup com a Rancilio Specialty RS1 - Rancilio Group\",\"isPartOf\":{\"@id\":\"https:\/\/www.ranciliogroup.com\/pt-pt\/#website\"},\"datePublished\":\"2024-08-30T09:43:18+00:00\",\"dateModified\":\"2024-08-30T09:43:18+00:00\",\"description\":\"Read Rancilio Group's latest news about Julius Meinl ser\u00e1 o anfitri\u00e3o da grande final da Barista Cup com a Rancilio Specialty RS1\",\"breadcrumb\":{\"@id\":\"https:\/\/www.ranciliogroup.com\/pt-pt\/julius-meinl-sera-o-anfitriao-da-grande-final-da-barista-cup-com-a-rancilio-specialty-rs1\/#breadcrumb\"},\"inLanguage\":\"pt-PT\",\"potentialAction\":[{\"@type\":\"ReadAction\",\"target\":[\"https:\/\/www.ranciliogroup.com\/pt-pt\/julius-meinl-sera-o-anfitriao-da-grande-final-da-barista-cup-com-a-rancilio-specialty-rs1\/\"]}]},{\"@type\":\"BreadcrumbList\",\"@id\":\"https:\/\/www.ranciliogroup.com\/pt-pt\/julius-meinl-sera-o-anfitriao-da-grande-final-da-barista-cup-com-a-rancilio-specialty-rs1\/#breadcrumb\",\"itemListElement\":[{\"@type\":\"ListItem\",\"position\":1,\"name\":\"Home\",\"item\":\"https:\/\/www.ranciliogroup.com\/pt-pt\/\"},{\"@type\":\"ListItem\",\"position\":2,\"name\":\"Julius Meinl ser\u00e1 o anfitri\u00e3o da grande final da Barista Cup com a Rancilio Specialty RS1\"}]},{\"@type\":\"WebSite\",\"@id\":\"https:\/\/www.ranciliogroup.com\/pt-pt\/#website\",\"url\":\"https:\/\/www.ranciliogroup.com\/pt-pt\/\",\"name\":\"Rancilio Group\",\"description\":\"L\u00edder Profissional de M\u00e1quinas de Caf\u00e9\",\"publisher\":{\"@id\":\"https:\/\/www.ranciliogroup.com\/pt-pt\/#organization\"},\"potentialAction\":[{\"@type\":\"SearchAction\",\"target\":{\"@type\":\"EntryPoint\",\"urlTemplate\":\"https:\/\/www.ranciliogroup.com\/pt-pt\/?s={search_term_string}\"},\"query-input\":\"required name=search_term_string\"}],\"inLanguage\":\"pt-PT\"},{\"@type\":\"Organization\",\"@id\":\"https:\/\/www.ranciliogroup.com\/pt-pt\/#organization\",\"name\":\"Rancilio Group\",\"url\":\"https:\/\/www.ranciliogroup.com\/pt-pt\/\",\"logo\":{\"@type\":\"ImageObject\",\"inLanguage\":\"pt-PT\",\"@id\":\"https:\/\/www.ranciliogroup.com\/pt-pt\/#\/schema\/logo\/image\/\",\"url\":\"https:\/\/www.ranciliogroup.com\/app\/uploads\/2019\/07\/rancilio_black_logo.png\",\"contentUrl\":\"https:\/\/www.ranciliogroup.com\/app\/uploads\/2019\/07\/rancilio_black_logo.png\",\"width\":447,\"height\":57,\"caption\":\"Rancilio Group\"},\"image\":{\"@id\":\"https:\/\/www.ranciliogroup.com\/pt-pt\/#\/schema\/logo\/image\/\"},\"sameAs\":[\"https:\/\/www.facebook.com\/RancilioGroup\",\"https:\/\/twitter.com\/ranciliogroup\",\"https:\/\/www.instagram.com\/rancilio_official\/\",\"https:\/\/www.linkedin.com\/company\/ranciliogroup\/\",\"https:\/\/www.youtube.com\/user\/rancilioadmin\"]},{\"@type\":\"Person\",\"@id\":\"https:\/\/www.ranciliogroup.com\/pt-pt\/#\/schema\/person\/d6bf0a7dfe74cded3d64da8b2c92814c\",\"name\":\"temp circular\",\"image\":{\"@type\":\"ImageObject\",\"inLanguage\":\"pt-PT\",\"@id\":\"https:\/\/www.ranciliogroup.com\/pt-pt\/#\/schema\/person\/image\/\",\"url\":\"https:\/\/secure.gravatar.com\/avatar\/569e71c3b97b8bcad1854d6579b35c5f?s=96&d=mm&r=g\",\"contentUrl\":\"https:\/\/secure.gravatar.com\/avatar\/569e71c3b97b8bcad1854d6579b35c5f?s=96&d=mm&r=g\",\"caption\":\"temp circular\"}}]}<\/script>\n<!-- \/ Yoast SEO plugin. -->","yoast_head_json":{"title":"Latest update about Julius Meinl ser\u00e1 o anfitri\u00e3o da grande final da Barista Cup com a Rancilio Specialty RS1 - Rancilio Group","description":"Read Rancilio Group's latest news about Julius Meinl ser\u00e1 o anfitri\u00e3o da grande final da Barista Cup com a Rancilio Specialty RS1","robots":{"index":"index","follow":"follow","max-snippet":"max-snippet:-1","max-image-preview":"max-image-preview:large","max-video-preview":"max-video-preview:-1"},"canonical":"https:\/\/www.ranciliogroup.com\/pt-pt\/julius-meinl-sera-o-anfitriao-da-grande-final-da-barista-cup-com-a-rancilio-specialty-rs1\/","og_locale":"pt_PT","og_type":"article","og_title":"Latest update about Julius Meinl ser\u00e1 o anfitri\u00e3o da grande final da Barista Cup com a Rancilio Specialty RS1 - Rancilio Group","og_description":"Read Rancilio Group's latest news about Julius Meinl ser\u00e1 o anfitri\u00e3o da grande final da Barista Cup com a Rancilio Specialty RS1","og_url":"https:\/\/www.ranciliogroup.com\/pt-pt\/julius-meinl-sera-o-anfitriao-da-grande-final-da-barista-cup-com-a-rancilio-specialty-rs1\/","og_site_name":"Rancilio Group","article_publisher":"https:\/\/www.facebook.com\/RancilioGroup","article_published_time":"2024-08-30T09:43:18+00:00","og_image":[{"width":1080,"height":720,"url":"https:\/\/www.ranciliogroup.com\/app\/uploads\/2024\/08\/Rancilio_Specialty_JM-Barista-Cup-2024.jpg","type":"image\/jpeg"}],"author":"temp circular","twitter_card":"summary_large_image","twitter_creator":"@ranciliogroup","twitter_site":"@ranciliogroup","twitter_misc":{"Written by":"temp circular","Est. reading time":"2 minutes"},"schema":{"@context":"https:\/\/schema.org","@graph":[{"@type":"Article","@id":"https:\/\/www.ranciliogroup.com\/pt-pt\/julius-meinl-sera-o-anfitriao-da-grande-final-da-barista-cup-com-a-rancilio-specialty-rs1\/#article","isPartOf":{"@id":"https:\/\/www.ranciliogroup.com\/pt-pt\/julius-meinl-sera-o-anfitriao-da-grande-final-da-barista-cup-com-a-rancilio-specialty-rs1\/"},"author":{"name":"temp circular","@id":"https:\/\/www.ranciliogroup.com\/pt-pt\/#\/schema\/person\/d6bf0a7dfe74cded3d64da8b2c92814c"},"headline":"Julius Meinl ser\u00e1 o anfitri\u00e3o da grande final da Barista Cup com a Rancilio Specialty RS1","datePublished":"2024-08-30T09:43:18+00:00","dateModified":"2024-08-30T09:43:18+00:00","mainEntityOfPage":{"@id":"https:\/\/www.ranciliogroup.com\/pt-pt\/julius-meinl-sera-o-anfitriao-da-grande-final-da-barista-cup-com-a-rancilio-specialty-rs1\/"},"wordCount":365,"publisher":{"@id":"https:\/\/www.ranciliogroup.com\/pt-pt\/#organization"},"keywords":["Austria","Barista Championship","Julius Meinl","Advanced Temperature Profiling","RS1"],"articleSection":["Eventos"],"inLanguage":"pt-PT"},{"@type":"WebPage","@id":"https:\/\/www.ranciliogroup.com\/pt-pt\/julius-meinl-sera-o-anfitriao-da-grande-final-da-barista-cup-com-a-rancilio-specialty-rs1\/","url":"https:\/\/www.ranciliogroup.com\/pt-pt\/julius-meinl-sera-o-anfitriao-da-grande-final-da-barista-cup-com-a-rancilio-specialty-rs1\/","name":"Latest update about Julius Meinl ser\u00e1 o anfitri\u00e3o da grande final da Barista Cup com a Rancilio Specialty RS1 - Rancilio Group","isPartOf":{"@id":"https:\/\/www.ranciliogroup.com\/pt-pt\/#website"},"datePublished":"2024-08-30T09:43:18+00:00","dateModified":"2024-08-30T09:43:18+00:00","description":"Read Rancilio Group's latest news about Julius Meinl ser\u00e1 o anfitri\u00e3o da grande final da Barista Cup com a Rancilio Specialty RS1","breadcrumb":{"@id":"https:\/\/www.ranciliogroup.com\/pt-pt\/julius-meinl-sera-o-anfitriao-da-grande-final-da-barista-cup-com-a-rancilio-specialty-rs1\/#breadcrumb"},"inLanguage":"pt-PT","potentialAction":[{"@type":"ReadAction","target":["https:\/\/www.ranciliogroup.com\/pt-pt\/julius-meinl-sera-o-anfitriao-da-grande-final-da-barista-cup-com-a-rancilio-specialty-rs1\/"]}]},{"@type":"BreadcrumbList","@id":"https:\/\/www.ranciliogroup.com\/pt-pt\/julius-meinl-sera-o-anfitriao-da-grande-final-da-barista-cup-com-a-rancilio-specialty-rs1\/#breadcrumb","itemListElement":[{"@type":"ListItem","position":1,"name":"Home","item":"https:\/\/www.ranciliogroup.com\/pt-pt\/"},{"@type":"ListItem","position":2,"name":"Julius Meinl ser\u00e1 o anfitri\u00e3o da grande final da Barista Cup com a Rancilio Specialty RS1"}]},{"@type":"WebSite","@id":"https:\/\/www.ranciliogroup.com\/pt-pt\/#website","url":"https:\/\/www.ranciliogroup.com\/pt-pt\/","name":"Rancilio Group","description":"L\u00edder Profissional de M\u00e1quinas de Caf\u00e9","publisher":{"@id":"https:\/\/www.ranciliogroup.com\/pt-pt\/#organization"},"potentialAction":[{"@type":"SearchAction","target":{"@type":"EntryPoint","urlTemplate":"https:\/\/www.ranciliogroup.com\/pt-pt\/?s={search_term_string}"},"query-input":"required name=search_term_string"}],"inLanguage":"pt-PT"},{"@type":"Organization","@id":"https:\/\/www.ranciliogroup.com\/pt-pt\/#organization","name":"Rancilio Group","url":"https:\/\/www.ranciliogroup.com\/pt-pt\/","logo":{"@type":"ImageObject","inLanguage":"pt-PT","@id":"https:\/\/www.ranciliogroup.com\/pt-pt\/#\/schema\/logo\/image\/","url":"https:\/\/www.ranciliogroup.com\/app\/uploads\/2019\/07\/rancilio_black_logo.png","contentUrl":"https:\/\/www.ranciliogroup.com\/app\/uploads\/2019\/07\/rancilio_black_logo.png","width":447,"height":57,"caption":"Rancilio Group"},"image":{"@id":"https:\/\/www.ranciliogroup.com\/pt-pt\/#\/schema\/logo\/image\/"},"sameAs":["https:\/\/www.facebook.com\/RancilioGroup","https:\/\/twitter.com\/ranciliogroup","https:\/\/www.instagram.com\/rancilio_official\/","https:\/\/www.linkedin.com\/company\/ranciliogroup\/","https:\/\/www.youtube.com\/user\/rancilioadmin"]},{"@type":"Person","@id":"https:\/\/www.ranciliogroup.com\/pt-pt\/#\/schema\/person\/d6bf0a7dfe74cded3d64da8b2c92814c","name":"temp circular","image":{"@type":"ImageObject","inLanguage":"pt-PT","@id":"https:\/\/www.ranciliogroup.com\/pt-pt\/#\/schema\/person\/image\/","url":"https:\/\/secure.gravatar.com\/avatar\/569e71c3b97b8bcad1854d6579b35c5f?s=96&d=mm&r=g","contentUrl":"https:\/\/secure.gravatar.com\/avatar\/569e71c3b97b8bcad1854d6579b35c5f?s=96&d=mm&r=g","caption":"temp circular"}}]}},"_links":{"self":[{"href":"https:\/\/www.ranciliogroup.com\/pt-pt\/wp-json\/wp\/v2\/posts\/75108"}],"collection":[{"href":"https:\/\/www.ranciliogroup.com\/pt-pt\/wp-json\/wp\/v2\/posts"}],"about":[{"href":"https:\/\/www.ranciliogroup.com\/pt-pt\/wp-json\/wp\/v2\/types\/post"}],"author":[{"embeddable":true,"href":"https:\/\/www.ranciliogroup.com\/pt-pt\/wp-json\/wp\/v2\/users\/5"}],"replies":[{"embeddable":true,"href":"https:\/\/www.ranciliogroup.com\/pt-pt\/wp-json\/wp\/v2\/comments?post=75108"}],"version-history":[{"count":3,"href":"https:\/\/www.ranciliogroup.com\/pt-pt\/wp-json\/wp\/v2\/posts\/75108\/revisions"}],"predecessor-version":[{"id":75111,"href":"https:\/\/www.ranciliogroup.com\/pt-pt\/wp-json\/wp\/v2\/posts\/75108\/revisions\/75111"}],"wp:featuredmedia":[{"embeddable":true,"href":"https:\/\/www.ranciliogroup.com\/pt-pt\/wp-json\/wp\/v2\/media\/75091"}],"wp:attachment":[{"href":"https:\/\/www.ranciliogroup.com\/pt-pt\/wp-json\/wp\/v2\/media?parent=75108"}],"wp:term":[{"taxonomy":"category","embeddable":true,"href":"https:\/\/www.ranciliogroup.com\/pt-pt\/wp-json\/wp\/v2\/categories?post=75108"},{"taxonomy":"post_tag","embeddable":true,"href":"https:\/\/www.ranciliogroup.com\/pt-pt\/wp-json\/wp\/v2\/tags?post=75108"}],"curies":[{"name":"wp","href":"https:\/\/api.w.org\/{rel}","templated":true}]}}