{"id":75504,"date":"2024-10-07T10:44:57","date_gmt":"2024-10-07T08:44:57","guid":{"rendered":"https:\/\/www.ranciliogroup.com\/?p=75504"},"modified":"2024-10-07T10:44:57","modified_gmt":"2024-10-07T08:44:57","slug":"grupo-rancilio-no-zagg-2024-em-lucerna","status":"publish","type":"post","link":"https:\/\/www.ranciliogroup.com\/pt-pt\/grupo-rancilio-no-zagg-2024-em-lucerna\/","title":{"rendered":"Grupo Rancilio no ZAGG 2024 em Lucerna"},"content":{"rendered":"<p>De 20 a 23 de outubro, o Grupo Rancilio recebe todos os profissionais das ind\u00fastrias de restaura\u00e7\u00e3o e hotelaria na \u00faltima edi\u00e7\u00e3o do ZAGG 2024 no Centro de Exposi\u00e7\u00f5es de Lucerna.<\/p>\n<p>A m\u00e1quina de caf\u00e9 expresso de caldeira \u00fanica Rancilio Specialty Invicta estar\u00e1 em exibi\u00e7\u00e3o, a apresentar a sua tecnologia de ponta que fornece aos baristas um controlo eletr\u00f3nico excecional sobre as fun\u00e7\u00f5es de caf\u00e9, \u00e1gua e vapor. Acompanhando o Invicta, estar\u00e3o os moinhos profissionais Bond e Kryo Elite, ambos concebidos para acelerar o servi\u00e7o e garantir resultados consistentes e fi\u00e1veis em cada ch\u00e1vena.<\/p>\n<p>Para aqueles que desejam explorar m\u00e1quinas totalmente autom\u00e1ticas, o Egro Corner contar\u00e1 com a Egro Next NMS+ e a nova MoDE Pro Milk com a sua avan\u00e7ada tecnologia de caf\u00e9. Essas m\u00e1quinas avan\u00e7adas s\u00e3o ideais para quem busca um menu de caf\u00e9 diversificado, incluindo bebidas \u00e0 base de leite fresco. Para profissionais que desejam elevar as suas ofertas, a Egro Next X2 demonstrar\u00e1 a sua capacidade de fornecer at\u00e9 600 ch\u00e1venas por dia.<\/p>\n<p>A cada dois anos, o ZAGG torna-se um ponto de encontro popular para todo o sector de restaura\u00e7\u00e3o e hotelaria. A feira oferece uma plataforma envolvente para descobrir as principais inova\u00e7\u00f5es e tend\u00eancias, facilitando a troca de ideias com colegas e parceiros de neg\u00f3cios. O ZAGG \u00e9 um centro essencial de networking e informa\u00e7\u00f5es para profissionais atuais e aspirantes na ind\u00fastria su\u00ed\u00e7a de gastronomia e hotelaria.<\/p>\n<p>&nbsp;<\/p>\n<p>&nbsp;<\/p>\n<p><strong>Zagg 2024<\/strong><br \/>\nDe 20 a 23 de outubro<br \/>\nPavilh\u00e3o 1, Stand A1012<br \/>\n<a href=\"https:\/\/www.google.com\/maps\/place\/Messe+Luzern+AG\/@47.0339361,8.3014919,17z\/data=!3m2!4b1!5s0x478ffbac472f904b:0xcee3ef190c771ea0!4m6!3m5!1s0x478ffbac484d2725:0x2c533753432fd28a!8m2!3d47.0339325!4d8.3040722!16s%2Fg%2F121zjbts?authuser=0&amp;entry=ttu&amp;g_ep=EgoyMDI0MDkxNS4wIKXMDSoASAFQAw%3D%3D\">Messe Luzern AG<\/a><br \/>\nHorwerstra\u00dfe 87<br \/>\n6005 Lucerna, Su\u00ed\u00e7a<\/p>\n","protected":false},"excerpt":{"rendered":"<p>De 20 a 23 de outubro, o Grupo Rancilio recebe todos os profissionais das ind\u00fastrias de restaura\u00e7\u00e3o e hotelaria na&#8230;<\/p>\n","protected":false},"author":5,"featured_media":75491,"comment_status":"closed","ping_status":"closed","sticky":false,"template":"","format":"standard","meta":[],"categories":[1958],"tags":[2633,3811,3169,2689,3797,2698,3690,3810],"acf":[],"yoast_head":"<!-- This site is optimized with the Yoast SEO plugin v21.5 - https:\/\/yoast.com\/wordpress\/plugins\/seo\/ -->\n<title>Latest update about Grupo Rancilio no ZAGG 2024 em Lucerna - Rancilio Group<\/title>\n<meta name=\"description\" content=\"Read Rancilio Group&#039;s latest news about Grupo Rancilio no ZAGG 2024 em Lucerna\" \/>\n<meta name=\"robots\" content=\"index, follow, max-snippet:-1, max-image-preview:large, max-video-preview:-1\" \/>\n<link rel=\"canonical\" href=\"https:\/\/www.ranciliogroup.com\/pt-pt\/grupo-rancilio-no-zagg-2024-em-lucerna\/\" \/>\n<meta property=\"og:locale\" content=\"pt_PT\" \/>\n<meta property=\"og:type\" content=\"article\" \/>\n<meta property=\"og:title\" content=\"Latest update about Grupo Rancilio no ZAGG 2024 em Lucerna - Rancilio Group\" \/>\n<meta property=\"og:description\" content=\"Read Rancilio Group&#039;s latest news about Grupo Rancilio no ZAGG 2024 em Lucerna\" \/>\n<meta property=\"og:url\" content=\"https:\/\/www.ranciliogroup.com\/pt-pt\/grupo-rancilio-no-zagg-2024-em-lucerna\/\" \/>\n<meta property=\"og:site_name\" content=\"Rancilio Group\" \/>\n<meta property=\"article:publisher\" content=\"https:\/\/www.facebook.com\/RancilioGroup\" \/>\n<meta property=\"article:published_time\" content=\"2024-10-07T08:44:57+00:00\" \/>\n<meta property=\"og:image\" content=\"https:\/\/www.ranciliogroup.com\/app\/uploads\/2024\/10\/ZAGG_LR.jpg\" \/>\n\t<meta property=\"og:image:width\" content=\"1080\" \/>\n\t<meta property=\"og:image:height\" content=\"720\" \/>\n\t<meta property=\"og:image:type\" content=\"image\/jpeg\" \/>\n<meta name=\"author\" content=\"temp circular\" \/>\n<meta name=\"twitter:card\" content=\"summary_large_image\" \/>\n<meta name=\"twitter:creator\" content=\"@ranciliogroup\" \/>\n<meta name=\"twitter:site\" content=\"@ranciliogroup\" \/>\n<meta name=\"twitter:label1\" content=\"Written by\" \/>\n\t<meta name=\"twitter:data1\" content=\"temp circular\" \/>\n\t<meta name=\"twitter:label2\" content=\"Est. reading time\" \/>\n\t<meta name=\"twitter:data2\" content=\"2 minutes\" \/>\n<script type=\"application\/ld+json\" class=\"yoast-schema-graph\">{\"@context\":\"https:\/\/schema.org\",\"@graph\":[{\"@type\":\"Article\",\"@id\":\"https:\/\/www.ranciliogroup.com\/pt-pt\/grupo-rancilio-no-zagg-2024-em-lucerna\/#article\",\"isPartOf\":{\"@id\":\"https:\/\/www.ranciliogroup.com\/pt-pt\/grupo-rancilio-no-zagg-2024-em-lucerna\/\"},\"author\":{\"name\":\"temp circular\",\"@id\":\"https:\/\/www.ranciliogroup.com\/pt-pt\/#\/schema\/person\/d6bf0a7dfe74cded3d64da8b2c92814c\"},\"headline\":\"Grupo Rancilio no ZAGG 2024 em Lucerna\",\"datePublished\":\"2024-10-07T08:44:57+00:00\",\"dateModified\":\"2024-10-07T08:44:57+00:00\",\"mainEntityOfPage\":{\"@id\":\"https:\/\/www.ranciliogroup.com\/pt-pt\/grupo-rancilio-no-zagg-2024-em-lucerna\/\"},\"wordCount\":278,\"publisher\":{\"@id\":\"https:\/\/www.ranciliogroup.com\/pt-pt\/#organization\"},\"keywords\":[\"Invicta\",\"Lucerne\",\"MoDe\",\"Next\",\"Next X2\",\"NMS+\",\"Pro Milk\",\"ZAGG\"],\"articleSection\":[\"Eventos\"],\"inLanguage\":\"pt-PT\"},{\"@type\":\"WebPage\",\"@id\":\"https:\/\/www.ranciliogroup.com\/pt-pt\/grupo-rancilio-no-zagg-2024-em-lucerna\/\",\"url\":\"https:\/\/www.ranciliogroup.com\/pt-pt\/grupo-rancilio-no-zagg-2024-em-lucerna\/\",\"name\":\"Latest update about Grupo Rancilio no ZAGG 2024 em Lucerna - Rancilio Group\",\"isPartOf\":{\"@id\":\"https:\/\/www.ranciliogroup.com\/pt-pt\/#website\"},\"datePublished\":\"2024-10-07T08:44:57+00:00\",\"dateModified\":\"2024-10-07T08:44:57+00:00\",\"description\":\"Read Rancilio Group's latest news about Grupo Rancilio no ZAGG 2024 em Lucerna\",\"breadcrumb\":{\"@id\":\"https:\/\/www.ranciliogroup.com\/pt-pt\/grupo-rancilio-no-zagg-2024-em-lucerna\/#breadcrumb\"},\"inLanguage\":\"pt-PT\",\"potentialAction\":[{\"@type\":\"ReadAction\",\"target\":[\"https:\/\/www.ranciliogroup.com\/pt-pt\/grupo-rancilio-no-zagg-2024-em-lucerna\/\"]}]},{\"@type\":\"BreadcrumbList\",\"@id\":\"https:\/\/www.ranciliogroup.com\/pt-pt\/grupo-rancilio-no-zagg-2024-em-lucerna\/#breadcrumb\",\"itemListElement\":[{\"@type\":\"ListItem\",\"position\":1,\"name\":\"Home\",\"item\":\"https:\/\/www.ranciliogroup.com\/pt-pt\/\"},{\"@type\":\"ListItem\",\"position\":2,\"name\":\"Grupo Rancilio no ZAGG 2024 em Lucerna\"}]},{\"@type\":\"WebSite\",\"@id\":\"https:\/\/www.ranciliogroup.com\/pt-pt\/#website\",\"url\":\"https:\/\/www.ranciliogroup.com\/pt-pt\/\",\"name\":\"Rancilio Group\",\"description\":\"L\u00edder Profissional de M\u00e1quinas de Caf\u00e9\",\"publisher\":{\"@id\":\"https:\/\/www.ranciliogroup.com\/pt-pt\/#organization\"},\"potentialAction\":[{\"@type\":\"SearchAction\",\"target\":{\"@type\":\"EntryPoint\",\"urlTemplate\":\"https:\/\/www.ranciliogroup.com\/pt-pt\/?s={search_term_string}\"},\"query-input\":\"required name=search_term_string\"}],\"inLanguage\":\"pt-PT\"},{\"@type\":\"Organization\",\"@id\":\"https:\/\/www.ranciliogroup.com\/pt-pt\/#organization\",\"name\":\"Rancilio Group\",\"url\":\"https:\/\/www.ranciliogroup.com\/pt-pt\/\",\"logo\":{\"@type\":\"ImageObject\",\"inLanguage\":\"pt-PT\",\"@id\":\"https:\/\/www.ranciliogroup.com\/pt-pt\/#\/schema\/logo\/image\/\",\"url\":\"https:\/\/www.ranciliogroup.com\/app\/uploads\/2019\/07\/rancilio_black_logo.png\",\"contentUrl\":\"https:\/\/www.ranciliogroup.com\/app\/uploads\/2019\/07\/rancilio_black_logo.png\",\"width\":447,\"height\":57,\"caption\":\"Rancilio Group\"},\"image\":{\"@id\":\"https:\/\/www.ranciliogroup.com\/pt-pt\/#\/schema\/logo\/image\/\"},\"sameAs\":[\"https:\/\/www.facebook.com\/RancilioGroup\",\"https:\/\/twitter.com\/ranciliogroup\",\"https:\/\/www.instagram.com\/rancilio_official\/\",\"https:\/\/www.linkedin.com\/company\/ranciliogroup\/\",\"https:\/\/www.youtube.com\/user\/rancilioadmin\"]},{\"@type\":\"Person\",\"@id\":\"https:\/\/www.ranciliogroup.com\/pt-pt\/#\/schema\/person\/d6bf0a7dfe74cded3d64da8b2c92814c\",\"name\":\"temp circular\",\"image\":{\"@type\":\"ImageObject\",\"inLanguage\":\"pt-PT\",\"@id\":\"https:\/\/www.ranciliogroup.com\/pt-pt\/#\/schema\/person\/image\/\",\"url\":\"https:\/\/secure.gravatar.com\/avatar\/569e71c3b97b8bcad1854d6579b35c5f?s=96&d=mm&r=g\",\"contentUrl\":\"https:\/\/secure.gravatar.com\/avatar\/569e71c3b97b8bcad1854d6579b35c5f?s=96&d=mm&r=g\",\"caption\":\"temp circular\"}}]}<\/script>\n<!-- \/ Yoast SEO plugin. -->","yoast_head_json":{"title":"Latest update about Grupo Rancilio no ZAGG 2024 em Lucerna - Rancilio Group","description":"Read Rancilio Group's latest news about Grupo Rancilio no ZAGG 2024 em Lucerna","robots":{"index":"index","follow":"follow","max-snippet":"max-snippet:-1","max-image-preview":"max-image-preview:large","max-video-preview":"max-video-preview:-1"},"canonical":"https:\/\/www.ranciliogroup.com\/pt-pt\/grupo-rancilio-no-zagg-2024-em-lucerna\/","og_locale":"pt_PT","og_type":"article","og_title":"Latest update about Grupo Rancilio no ZAGG 2024 em Lucerna - Rancilio Group","og_description":"Read Rancilio Group's latest news about Grupo Rancilio no ZAGG 2024 em Lucerna","og_url":"https:\/\/www.ranciliogroup.com\/pt-pt\/grupo-rancilio-no-zagg-2024-em-lucerna\/","og_site_name":"Rancilio Group","article_publisher":"https:\/\/www.facebook.com\/RancilioGroup","article_published_time":"2024-10-07T08:44:57+00:00","og_image":[{"width":1080,"height":720,"url":"https:\/\/www.ranciliogroup.com\/app\/uploads\/2024\/10\/ZAGG_LR.jpg","type":"image\/jpeg"}],"author":"temp circular","twitter_card":"summary_large_image","twitter_creator":"@ranciliogroup","twitter_site":"@ranciliogroup","twitter_misc":{"Written by":"temp circular","Est. reading time":"2 minutes"},"schema":{"@context":"https:\/\/schema.org","@graph":[{"@type":"Article","@id":"https:\/\/www.ranciliogroup.com\/pt-pt\/grupo-rancilio-no-zagg-2024-em-lucerna\/#article","isPartOf":{"@id":"https:\/\/www.ranciliogroup.com\/pt-pt\/grupo-rancilio-no-zagg-2024-em-lucerna\/"},"author":{"name":"temp circular","@id":"https:\/\/www.ranciliogroup.com\/pt-pt\/#\/schema\/person\/d6bf0a7dfe74cded3d64da8b2c92814c"},"headline":"Grupo Rancilio no ZAGG 2024 em Lucerna","datePublished":"2024-10-07T08:44:57+00:00","dateModified":"2024-10-07T08:44:57+00:00","mainEntityOfPage":{"@id":"https:\/\/www.ranciliogroup.com\/pt-pt\/grupo-rancilio-no-zagg-2024-em-lucerna\/"},"wordCount":278,"publisher":{"@id":"https:\/\/www.ranciliogroup.com\/pt-pt\/#organization"},"keywords":["Invicta","Lucerne","MoDe","Next","Next X2","NMS+","Pro Milk","ZAGG"],"articleSection":["Eventos"],"inLanguage":"pt-PT"},{"@type":"WebPage","@id":"https:\/\/www.ranciliogroup.com\/pt-pt\/grupo-rancilio-no-zagg-2024-em-lucerna\/","url":"https:\/\/www.ranciliogroup.com\/pt-pt\/grupo-rancilio-no-zagg-2024-em-lucerna\/","name":"Latest update about Grupo Rancilio no ZAGG 2024 em Lucerna - Rancilio Group","isPartOf":{"@id":"https:\/\/www.ranciliogroup.com\/pt-pt\/#website"},"datePublished":"2024-10-07T08:44:57+00:00","dateModified":"2024-10-07T08:44:57+00:00","description":"Read Rancilio Group's latest news about Grupo Rancilio no ZAGG 2024 em Lucerna","breadcrumb":{"@id":"https:\/\/www.ranciliogroup.com\/pt-pt\/grupo-rancilio-no-zagg-2024-em-lucerna\/#breadcrumb"},"inLanguage":"pt-PT","potentialAction":[{"@type":"ReadAction","target":["https:\/\/www.ranciliogroup.com\/pt-pt\/grupo-rancilio-no-zagg-2024-em-lucerna\/"]}]},{"@type":"BreadcrumbList","@id":"https:\/\/www.ranciliogroup.com\/pt-pt\/grupo-rancilio-no-zagg-2024-em-lucerna\/#breadcrumb","itemListElement":[{"@type":"ListItem","position":1,"name":"Home","item":"https:\/\/www.ranciliogroup.com\/pt-pt\/"},{"@type":"ListItem","position":2,"name":"Grupo Rancilio no ZAGG 2024 em Lucerna"}]},{"@type":"WebSite","@id":"https:\/\/www.ranciliogroup.com\/pt-pt\/#website","url":"https:\/\/www.ranciliogroup.com\/pt-pt\/","name":"Rancilio Group","description":"L\u00edder Profissional de M\u00e1quinas de Caf\u00e9","publisher":{"@id":"https:\/\/www.ranciliogroup.com\/pt-pt\/#organization"},"potentialAction":[{"@type":"SearchAction","target":{"@type":"EntryPoint","urlTemplate":"https:\/\/www.ranciliogroup.com\/pt-pt\/?s={search_term_string}"},"query-input":"required name=search_term_string"}],"inLanguage":"pt-PT"},{"@type":"Organization","@id":"https:\/\/www.ranciliogroup.com\/pt-pt\/#organization","name":"Rancilio Group","url":"https:\/\/www.ranciliogroup.com\/pt-pt\/","logo":{"@type":"ImageObject","inLanguage":"pt-PT","@id":"https:\/\/www.ranciliogroup.com\/pt-pt\/#\/schema\/logo\/image\/","url":"https:\/\/www.ranciliogroup.com\/app\/uploads\/2019\/07\/rancilio_black_logo.png","contentUrl":"https:\/\/www.ranciliogroup.com\/app\/uploads\/2019\/07\/rancilio_black_logo.png","width":447,"height":57,"caption":"Rancilio Group"},"image":{"@id":"https:\/\/www.ranciliogroup.com\/pt-pt\/#\/schema\/logo\/image\/"},"sameAs":["https:\/\/www.facebook.com\/RancilioGroup","https:\/\/twitter.com\/ranciliogroup","https:\/\/www.instagram.com\/rancilio_official\/","https:\/\/www.linkedin.com\/company\/ranciliogroup\/","https:\/\/www.youtube.com\/user\/rancilioadmin"]},{"@type":"Person","@id":"https:\/\/www.ranciliogroup.com\/pt-pt\/#\/schema\/person\/d6bf0a7dfe74cded3d64da8b2c92814c","name":"temp circular","image":{"@type":"ImageObject","inLanguage":"pt-PT","@id":"https:\/\/www.ranciliogroup.com\/pt-pt\/#\/schema\/person\/image\/","url":"https:\/\/secure.gravatar.com\/avatar\/569e71c3b97b8bcad1854d6579b35c5f?s=96&d=mm&r=g","contentUrl":"https:\/\/secure.gravatar.com\/avatar\/569e71c3b97b8bcad1854d6579b35c5f?s=96&d=mm&r=g","caption":"temp circular"}}]}},"_links":{"self":[{"href":"https:\/\/www.ranciliogroup.com\/pt-pt\/wp-json\/wp\/v2\/posts\/75504"}],"collection":[{"href":"https:\/\/www.ranciliogroup.com\/pt-pt\/wp-json\/wp\/v2\/posts"}],"about":[{"href":"https:\/\/www.ranciliogroup.com\/pt-pt\/wp-json\/wp\/v2\/types\/post"}],"author":[{"embeddable":true,"href":"https:\/\/www.ranciliogroup.com\/pt-pt\/wp-json\/wp\/v2\/users\/5"}],"replies":[{"embeddable":true,"href":"https:\/\/www.ranciliogroup.com\/pt-pt\/wp-json\/wp\/v2\/comments?post=75504"}],"version-history":[{"count":2,"href":"https:\/\/www.ranciliogroup.com\/pt-pt\/wp-json\/wp\/v2\/posts\/75504\/revisions"}],"predecessor-version":[{"id":75506,"href":"https:\/\/www.ranciliogroup.com\/pt-pt\/wp-json\/wp\/v2\/posts\/75504\/revisions\/75506"}],"wp:featuredmedia":[{"embeddable":true,"href":"https:\/\/www.ranciliogroup.com\/pt-pt\/wp-json\/wp\/v2\/media\/75491"}],"wp:attachment":[{"href":"https:\/\/www.ranciliogroup.com\/pt-pt\/wp-json\/wp\/v2\/media?parent=75504"}],"wp:term":[{"taxonomy":"category","embeddable":true,"href":"https:\/\/www.ranciliogroup.com\/pt-pt\/wp-json\/wp\/v2\/categories?post=75504"},{"taxonomy":"post_tag","embeddable":true,"href":"https:\/\/www.ranciliogroup.com\/pt-pt\/wp-json\/wp\/v2\/tags?post=75504"}],"curies":[{"name":"wp","href":"https:\/\/api.w.org\/{rel}","templated":true}]}}