{"id":75557,"date":"2024-10-08T15:08:43","date_gmt":"2024-10-08T13:08:43","guid":{"rendered":"https:\/\/www.ranciliogroup.com\/?p=75557"},"modified":"2024-10-08T15:08:43","modified_gmt":"2024-10-08T13:08:43","slug":"rancilio-classe-20-na-triesteespresso-expo-para-a-final-wlags-2024","status":"publish","type":"post","link":"https:\/\/www.ranciliogroup.com\/pt-pt\/rancilio-classe-20-na-triesteespresso-expo-para-a-final-wlags-2024\/","title":{"rendered":"Rancilio Classe 20 na TriesteEspresso Expo para a final WLAGS 2024"},"content":{"rendered":"<p>No dia 26 de outubro, a Rancilio e a WLAGS convidam todos os apaixonados do latte art \u00e0 TriesteEspresso Expo para a emocionante final do Campeonato Mundial de Batalha de Classifica\u00e7\u00e3o do Latte Art, que ter\u00e1 lugar no Trieste Convention Center.<\/p>\n<p>A Rancilio Classe 20 SB \u00e9 a patrocinadoar oficial desta competi\u00e7\u00e3o empolgante, onde os melhores artistas latte de todo o mundo ir\u00e3o competir pelo t\u00edtulo. A Classe 20 SB combina a alta qualidade da Rancilio com a tecnologia patenteada Steady Brew, garantindo excelente estabilidade t\u00e9rmica e resultados constantes na ch\u00e1vena. Com o seu design elegante e moderno, a Classe 20 n\u00e3o apenas iluminar\u00e1 a competi\u00e7\u00e3o, mas tamb\u00e9m fornecer\u00e1 aos concorrentes um espa\u00e7o de trabalho funcional, facilitando o seu fluxo de trabalho e permitindo-lhes concentrar-se totalmente na competi\u00e7\u00e3o.<\/p>\n<p>Gra\u00e7as \u00e0 pr\u00e1tica lan\u00e7a de vapor C-lever, os finalistas ter\u00e3o uma ferramenta essencial \u00e0 sua disposi\u00e7\u00e3o para aprimorar a sua arte e criar obras de alto n\u00edvel que impressionar\u00e3o o painel de ju\u00edzes especializados do Sistema de Classifica\u00e7\u00e3o Latte Art.<\/p>\n<p>TriestEspresso Expo, conhecida pela sua excel\u00eancia no sector do caf\u00e9, \u00e9 o ambiente ideal para sediar o campeonato Latte Art Grading System. Trieste, uma cidade historicamente da ind\u00fastria do caf\u00e9, tem uma alta concentra\u00e7\u00e3o de empresas l\u00edderes e tem sido o principal porto da It\u00e1lia para importa\u00e7\u00f5es de gr\u00e3os de caf\u00e9 por mais de dois s\u00e9culos. Agora em sua 11\u00aa edi\u00e7\u00e3o, TriestEspresso Expo \u00e9 um dos eventos B2B mais importantes na ind\u00fastria do caf\u00e9 global.<\/p>\n<p>&nbsp;<\/p>\n<p>&nbsp;<\/p>\n<p><strong>Final WLAGS <\/strong><br \/>\n26 de outubro de 2024<br \/>\nDas 10h \u00e0s 18h<br \/>\nPavilh\u00e3o 27 | Stand 13<br \/>\n<a href=\"https:\/\/www.google.com\/maps?ll=45.66753,13.759792&amp;z=16&amp;t=m&amp;hl=it&amp;gl=IT&amp;mapclient=embed&amp;cid=2580599893578202020\">Centro de Conven\u00e7\u00f5es TCC Trieste<\/a><br \/>\nViale Miramare, 24\/2<br \/>\n34135 Trieste, TS, Italy<\/p>\n<p>&nbsp;<\/p>\n<p>&nbsp;<\/p>\n<p><a href=\"https:\/\/www.ranciliogroup.com\/pt-pt\/rancilio\/classe-20\/\"><strong>Descobrir a Classe 20 SB da Rancilio<\/strong><\/a><\/p>\n<p>&nbsp;<\/p>\n","protected":false},"excerpt":{"rendered":"<p>No dia 26 de outubro, a Rancilio e a WLAGS convidam todos os apaixonados do latte art \u00e0 TriesteEspresso Expo&#8230;<\/p>\n","protected":false},"author":5,"featured_media":75541,"comment_status":"closed","ping_status":"closed","sticky":false,"template":"","format":"standard","meta":[],"categories":[1958],"tags":[3823,3824,3187,3112,2835],"acf":[],"yoast_head":"<!-- This site is optimized with the Yoast SEO plugin v21.5 - https:\/\/yoast.com\/wordpress\/plugins\/seo\/ -->\n<title>Latest update about Rancilio Classe 20 na TriesteEspresso Expo para a final WLAGS 2024 - Rancilio Group<\/title>\n<meta name=\"description\" content=\"Read Rancilio Group&#039;s latest news about Rancilio Classe 20 na TriesteEspresso Expo para a final WLAGS 2024\" \/>\n<meta name=\"robots\" content=\"index, follow, max-snippet:-1, max-image-preview:large, max-video-preview:-1\" \/>\n<link rel=\"canonical\" href=\"https:\/\/www.ranciliogroup.com\/pt-pt\/rancilio-classe-20-na-triesteespresso-expo-para-a-final-wlags-2024\/\" \/>\n<meta property=\"og:locale\" content=\"pt_PT\" \/>\n<meta property=\"og:type\" content=\"article\" \/>\n<meta property=\"og:title\" content=\"Latest update about Rancilio Classe 20 na TriesteEspresso Expo para a final WLAGS 2024 - Rancilio Group\" \/>\n<meta property=\"og:description\" content=\"Read Rancilio Group&#039;s latest news about Rancilio Classe 20 na TriesteEspresso Expo para a final WLAGS 2024\" \/>\n<meta property=\"og:url\" content=\"https:\/\/www.ranciliogroup.com\/pt-pt\/rancilio-classe-20-na-triesteespresso-expo-para-a-final-wlags-2024\/\" \/>\n<meta property=\"og:site_name\" content=\"Rancilio Group\" \/>\n<meta property=\"article:publisher\" content=\"https:\/\/www.facebook.com\/RancilioGroup\" \/>\n<meta property=\"article:published_time\" content=\"2024-10-08T13:08:43+00:00\" \/>\n<meta property=\"og:image\" content=\"https:\/\/www.ranciliogroup.com\/app\/uploads\/2024\/10\/LAGS_RANCILIO_LR.jpg\" \/>\n\t<meta property=\"og:image:width\" content=\"1080\" \/>\n\t<meta property=\"og:image:height\" content=\"720\" \/>\n\t<meta property=\"og:image:type\" content=\"image\/jpeg\" \/>\n<meta name=\"author\" content=\"temp circular\" \/>\n<meta name=\"twitter:card\" content=\"summary_large_image\" \/>\n<meta name=\"twitter:creator\" content=\"@ranciliogroup\" \/>\n<meta name=\"twitter:site\" content=\"@ranciliogroup\" \/>\n<meta name=\"twitter:label1\" content=\"Written by\" \/>\n\t<meta name=\"twitter:data1\" content=\"temp circular\" \/>\n\t<meta name=\"twitter:label2\" content=\"Est. reading time\" \/>\n\t<meta name=\"twitter:data2\" content=\"2 minutes\" \/>\n<script type=\"application\/ld+json\" class=\"yoast-schema-graph\">{\"@context\":\"https:\/\/schema.org\",\"@graph\":[{\"@type\":\"Article\",\"@id\":\"https:\/\/www.ranciliogroup.com\/pt-pt\/rancilio-classe-20-na-triesteespresso-expo-para-a-final-wlags-2024\/#article\",\"isPartOf\":{\"@id\":\"https:\/\/www.ranciliogroup.com\/pt-pt\/rancilio-classe-20-na-triesteespresso-expo-para-a-final-wlags-2024\/\"},\"author\":{\"name\":\"temp circular\",\"@id\":\"https:\/\/www.ranciliogroup.com\/pt-pt\/#\/schema\/person\/d6bf0a7dfe74cded3d64da8b2c92814c\"},\"headline\":\"Rancilio Classe 20 na TriesteEspresso Expo para a final WLAGS 2024\",\"datePublished\":\"2024-10-08T13:08:43+00:00\",\"dateModified\":\"2024-10-08T13:08:43+00:00\",\"mainEntityOfPage\":{\"@id\":\"https:\/\/www.ranciliogroup.com\/pt-pt\/rancilio-classe-20-na-triesteespresso-expo-para-a-final-wlags-2024\/\"},\"wordCount\":306,\"publisher\":{\"@id\":\"https:\/\/www.ranciliogroup.com\/pt-pt\/#organization\"},\"keywords\":[\"WLAGS\",\"TriestEspresso Expo\",\"Latte Art\",\"Steady Brew\",\"Classe 20\"],\"articleSection\":[\"Eventos\"],\"inLanguage\":\"pt-PT\"},{\"@type\":\"WebPage\",\"@id\":\"https:\/\/www.ranciliogroup.com\/pt-pt\/rancilio-classe-20-na-triesteespresso-expo-para-a-final-wlags-2024\/\",\"url\":\"https:\/\/www.ranciliogroup.com\/pt-pt\/rancilio-classe-20-na-triesteespresso-expo-para-a-final-wlags-2024\/\",\"name\":\"Latest update about Rancilio Classe 20 na TriesteEspresso Expo para a final WLAGS 2024 - Rancilio Group\",\"isPartOf\":{\"@id\":\"https:\/\/www.ranciliogroup.com\/pt-pt\/#website\"},\"datePublished\":\"2024-10-08T13:08:43+00:00\",\"dateModified\":\"2024-10-08T13:08:43+00:00\",\"description\":\"Read Rancilio Group's latest news about Rancilio Classe 20 na TriesteEspresso Expo para a final WLAGS 2024\",\"breadcrumb\":{\"@id\":\"https:\/\/www.ranciliogroup.com\/pt-pt\/rancilio-classe-20-na-triesteespresso-expo-para-a-final-wlags-2024\/#breadcrumb\"},\"inLanguage\":\"pt-PT\",\"potentialAction\":[{\"@type\":\"ReadAction\",\"target\":[\"https:\/\/www.ranciliogroup.com\/pt-pt\/rancilio-classe-20-na-triesteespresso-expo-para-a-final-wlags-2024\/\"]}]},{\"@type\":\"BreadcrumbList\",\"@id\":\"https:\/\/www.ranciliogroup.com\/pt-pt\/rancilio-classe-20-na-triesteespresso-expo-para-a-final-wlags-2024\/#breadcrumb\",\"itemListElement\":[{\"@type\":\"ListItem\",\"position\":1,\"name\":\"Home\",\"item\":\"https:\/\/www.ranciliogroup.com\/pt-pt\/\"},{\"@type\":\"ListItem\",\"position\":2,\"name\":\"Rancilio Classe 20 na TriesteEspresso Expo para a final WLAGS 2024\"}]},{\"@type\":\"WebSite\",\"@id\":\"https:\/\/www.ranciliogroup.com\/pt-pt\/#website\",\"url\":\"https:\/\/www.ranciliogroup.com\/pt-pt\/\",\"name\":\"Rancilio Group\",\"description\":\"L\u00edder Profissional de M\u00e1quinas de Caf\u00e9\",\"publisher\":{\"@id\":\"https:\/\/www.ranciliogroup.com\/pt-pt\/#organization\"},\"potentialAction\":[{\"@type\":\"SearchAction\",\"target\":{\"@type\":\"EntryPoint\",\"urlTemplate\":\"https:\/\/www.ranciliogroup.com\/pt-pt\/?s={search_term_string}\"},\"query-input\":\"required name=search_term_string\"}],\"inLanguage\":\"pt-PT\"},{\"@type\":\"Organization\",\"@id\":\"https:\/\/www.ranciliogroup.com\/pt-pt\/#organization\",\"name\":\"Rancilio Group\",\"url\":\"https:\/\/www.ranciliogroup.com\/pt-pt\/\",\"logo\":{\"@type\":\"ImageObject\",\"inLanguage\":\"pt-PT\",\"@id\":\"https:\/\/www.ranciliogroup.com\/pt-pt\/#\/schema\/logo\/image\/\",\"url\":\"https:\/\/www.ranciliogroup.com\/app\/uploads\/2019\/07\/rancilio_black_logo.png\",\"contentUrl\":\"https:\/\/www.ranciliogroup.com\/app\/uploads\/2019\/07\/rancilio_black_logo.png\",\"width\":447,\"height\":57,\"caption\":\"Rancilio Group\"},\"image\":{\"@id\":\"https:\/\/www.ranciliogroup.com\/pt-pt\/#\/schema\/logo\/image\/\"},\"sameAs\":[\"https:\/\/www.facebook.com\/RancilioGroup\",\"https:\/\/twitter.com\/ranciliogroup\",\"https:\/\/www.instagram.com\/rancilio_official\/\",\"https:\/\/www.linkedin.com\/company\/ranciliogroup\/\",\"https:\/\/www.youtube.com\/user\/rancilioadmin\"]},{\"@type\":\"Person\",\"@id\":\"https:\/\/www.ranciliogroup.com\/pt-pt\/#\/schema\/person\/d6bf0a7dfe74cded3d64da8b2c92814c\",\"name\":\"temp circular\",\"image\":{\"@type\":\"ImageObject\",\"inLanguage\":\"pt-PT\",\"@id\":\"https:\/\/www.ranciliogroup.com\/pt-pt\/#\/schema\/person\/image\/\",\"url\":\"https:\/\/secure.gravatar.com\/avatar\/569e71c3b97b8bcad1854d6579b35c5f?s=96&d=mm&r=g\",\"contentUrl\":\"https:\/\/secure.gravatar.com\/avatar\/569e71c3b97b8bcad1854d6579b35c5f?s=96&d=mm&r=g\",\"caption\":\"temp circular\"}}]}<\/script>\n<!-- \/ Yoast SEO plugin. -->","yoast_head_json":{"title":"Latest update about Rancilio Classe 20 na TriesteEspresso Expo para a final WLAGS 2024 - Rancilio Group","description":"Read Rancilio Group's latest news about Rancilio Classe 20 na TriesteEspresso Expo para a final WLAGS 2024","robots":{"index":"index","follow":"follow","max-snippet":"max-snippet:-1","max-image-preview":"max-image-preview:large","max-video-preview":"max-video-preview:-1"},"canonical":"https:\/\/www.ranciliogroup.com\/pt-pt\/rancilio-classe-20-na-triesteespresso-expo-para-a-final-wlags-2024\/","og_locale":"pt_PT","og_type":"article","og_title":"Latest update about Rancilio Classe 20 na TriesteEspresso Expo para a final WLAGS 2024 - Rancilio Group","og_description":"Read Rancilio Group's latest news about Rancilio Classe 20 na TriesteEspresso Expo para a final WLAGS 2024","og_url":"https:\/\/www.ranciliogroup.com\/pt-pt\/rancilio-classe-20-na-triesteespresso-expo-para-a-final-wlags-2024\/","og_site_name":"Rancilio Group","article_publisher":"https:\/\/www.facebook.com\/RancilioGroup","article_published_time":"2024-10-08T13:08:43+00:00","og_image":[{"width":1080,"height":720,"url":"https:\/\/www.ranciliogroup.com\/app\/uploads\/2024\/10\/LAGS_RANCILIO_LR.jpg","type":"image\/jpeg"}],"author":"temp circular","twitter_card":"summary_large_image","twitter_creator":"@ranciliogroup","twitter_site":"@ranciliogroup","twitter_misc":{"Written by":"temp circular","Est. reading time":"2 minutes"},"schema":{"@context":"https:\/\/schema.org","@graph":[{"@type":"Article","@id":"https:\/\/www.ranciliogroup.com\/pt-pt\/rancilio-classe-20-na-triesteespresso-expo-para-a-final-wlags-2024\/#article","isPartOf":{"@id":"https:\/\/www.ranciliogroup.com\/pt-pt\/rancilio-classe-20-na-triesteespresso-expo-para-a-final-wlags-2024\/"},"author":{"name":"temp circular","@id":"https:\/\/www.ranciliogroup.com\/pt-pt\/#\/schema\/person\/d6bf0a7dfe74cded3d64da8b2c92814c"},"headline":"Rancilio Classe 20 na TriesteEspresso Expo para a final WLAGS 2024","datePublished":"2024-10-08T13:08:43+00:00","dateModified":"2024-10-08T13:08:43+00:00","mainEntityOfPage":{"@id":"https:\/\/www.ranciliogroup.com\/pt-pt\/rancilio-classe-20-na-triesteespresso-expo-para-a-final-wlags-2024\/"},"wordCount":306,"publisher":{"@id":"https:\/\/www.ranciliogroup.com\/pt-pt\/#organization"},"keywords":["WLAGS","TriestEspresso Expo","Latte Art","Steady Brew","Classe 20"],"articleSection":["Eventos"],"inLanguage":"pt-PT"},{"@type":"WebPage","@id":"https:\/\/www.ranciliogroup.com\/pt-pt\/rancilio-classe-20-na-triesteespresso-expo-para-a-final-wlags-2024\/","url":"https:\/\/www.ranciliogroup.com\/pt-pt\/rancilio-classe-20-na-triesteespresso-expo-para-a-final-wlags-2024\/","name":"Latest update about Rancilio Classe 20 na TriesteEspresso Expo para a final WLAGS 2024 - Rancilio Group","isPartOf":{"@id":"https:\/\/www.ranciliogroup.com\/pt-pt\/#website"},"datePublished":"2024-10-08T13:08:43+00:00","dateModified":"2024-10-08T13:08:43+00:00","description":"Read Rancilio Group's latest news about Rancilio Classe 20 na TriesteEspresso Expo para a final WLAGS 2024","breadcrumb":{"@id":"https:\/\/www.ranciliogroup.com\/pt-pt\/rancilio-classe-20-na-triesteespresso-expo-para-a-final-wlags-2024\/#breadcrumb"},"inLanguage":"pt-PT","potentialAction":[{"@type":"ReadAction","target":["https:\/\/www.ranciliogroup.com\/pt-pt\/rancilio-classe-20-na-triesteespresso-expo-para-a-final-wlags-2024\/"]}]},{"@type":"BreadcrumbList","@id":"https:\/\/www.ranciliogroup.com\/pt-pt\/rancilio-classe-20-na-triesteespresso-expo-para-a-final-wlags-2024\/#breadcrumb","itemListElement":[{"@type":"ListItem","position":1,"name":"Home","item":"https:\/\/www.ranciliogroup.com\/pt-pt\/"},{"@type":"ListItem","position":2,"name":"Rancilio Classe 20 na TriesteEspresso Expo para a final WLAGS 2024"}]},{"@type":"WebSite","@id":"https:\/\/www.ranciliogroup.com\/pt-pt\/#website","url":"https:\/\/www.ranciliogroup.com\/pt-pt\/","name":"Rancilio Group","description":"L\u00edder Profissional de M\u00e1quinas de Caf\u00e9","publisher":{"@id":"https:\/\/www.ranciliogroup.com\/pt-pt\/#organization"},"potentialAction":[{"@type":"SearchAction","target":{"@type":"EntryPoint","urlTemplate":"https:\/\/www.ranciliogroup.com\/pt-pt\/?s={search_term_string}"},"query-input":"required name=search_term_string"}],"inLanguage":"pt-PT"},{"@type":"Organization","@id":"https:\/\/www.ranciliogroup.com\/pt-pt\/#organization","name":"Rancilio Group","url":"https:\/\/www.ranciliogroup.com\/pt-pt\/","logo":{"@type":"ImageObject","inLanguage":"pt-PT","@id":"https:\/\/www.ranciliogroup.com\/pt-pt\/#\/schema\/logo\/image\/","url":"https:\/\/www.ranciliogroup.com\/app\/uploads\/2019\/07\/rancilio_black_logo.png","contentUrl":"https:\/\/www.ranciliogroup.com\/app\/uploads\/2019\/07\/rancilio_black_logo.png","width":447,"height":57,"caption":"Rancilio Group"},"image":{"@id":"https:\/\/www.ranciliogroup.com\/pt-pt\/#\/schema\/logo\/image\/"},"sameAs":["https:\/\/www.facebook.com\/RancilioGroup","https:\/\/twitter.com\/ranciliogroup","https:\/\/www.instagram.com\/rancilio_official\/","https:\/\/www.linkedin.com\/company\/ranciliogroup\/","https:\/\/www.youtube.com\/user\/rancilioadmin"]},{"@type":"Person","@id":"https:\/\/www.ranciliogroup.com\/pt-pt\/#\/schema\/person\/d6bf0a7dfe74cded3d64da8b2c92814c","name":"temp circular","image":{"@type":"ImageObject","inLanguage":"pt-PT","@id":"https:\/\/www.ranciliogroup.com\/pt-pt\/#\/schema\/person\/image\/","url":"https:\/\/secure.gravatar.com\/avatar\/569e71c3b97b8bcad1854d6579b35c5f?s=96&d=mm&r=g","contentUrl":"https:\/\/secure.gravatar.com\/avatar\/569e71c3b97b8bcad1854d6579b35c5f?s=96&d=mm&r=g","caption":"temp circular"}}]}},"_links":{"self":[{"href":"https:\/\/www.ranciliogroup.com\/pt-pt\/wp-json\/wp\/v2\/posts\/75557"}],"collection":[{"href":"https:\/\/www.ranciliogroup.com\/pt-pt\/wp-json\/wp\/v2\/posts"}],"about":[{"href":"https:\/\/www.ranciliogroup.com\/pt-pt\/wp-json\/wp\/v2\/types\/post"}],"author":[{"embeddable":true,"href":"https:\/\/www.ranciliogroup.com\/pt-pt\/wp-json\/wp\/v2\/users\/5"}],"replies":[{"embeddable":true,"href":"https:\/\/www.ranciliogroup.com\/pt-pt\/wp-json\/wp\/v2\/comments?post=75557"}],"version-history":[{"count":3,"href":"https:\/\/www.ranciliogroup.com\/pt-pt\/wp-json\/wp\/v2\/posts\/75557\/revisions"}],"predecessor-version":[{"id":75560,"href":"https:\/\/www.ranciliogroup.com\/pt-pt\/wp-json\/wp\/v2\/posts\/75557\/revisions\/75560"}],"wp:featuredmedia":[{"embeddable":true,"href":"https:\/\/www.ranciliogroup.com\/pt-pt\/wp-json\/wp\/v2\/media\/75541"}],"wp:attachment":[{"href":"https:\/\/www.ranciliogroup.com\/pt-pt\/wp-json\/wp\/v2\/media?parent=75557"}],"wp:term":[{"taxonomy":"category","embeddable":true,"href":"https:\/\/www.ranciliogroup.com\/pt-pt\/wp-json\/wp\/v2\/categories?post=75557"},{"taxonomy":"post_tag","embeddable":true,"href":"https:\/\/www.ranciliogroup.com\/pt-pt\/wp-json\/wp\/v2\/tags?post=75557"}],"curies":[{"name":"wp","href":"https:\/\/api.w.org\/{rel}","templated":true}]}}