{"id":76760,"date":"2024-11-07T11:19:06","date_gmt":"2024-11-07T10:19:06","guid":{"rendered":"https:\/\/www.ranciliogroup.com\/?p=76760"},"modified":"2024-11-07T11:19:06","modified_gmt":"2024-11-07T10:19:06","slug":"egro-suisse-no-careho-2024","status":"publish","type":"post","link":"https:\/\/www.ranciliogroup.com\/pt-pt\/egro-suisse-no-careho-2024\/","title":{"rendered":"Egro Suisse no CaReHo 2024"},"content":{"rendered":"<p>De 17 a 19 de novembro, a Egro Suisse receber\u00e1 profissionais da hospitalidade e servi\u00e7os de restaura\u00e7\u00e3o no CaReHo em Martigny, na regi\u00e3o de Valais, nos Alpes Su\u00ed\u00e7os.<\/p>\n<p>A Egro Suisse apresentar\u00e1 a m\u00e1quina totalmente autom\u00e1tica Egro Next, ideal para locais de alto volume, em duas configura\u00e7\u00f5es principais: a Next Two com op\u00e7\u00e3o de espuma de leite fria e a Next NMS+, concebida para locais que exigem bebidas premium \u00e0 base de leite. A nova Egro MoDe Pro Milk tamb\u00e9m ser\u00e1 apresentada, oferecendo uma solu\u00e7\u00e3o vers\u00e1til para locais que buscam uma ampla variedade de caf\u00e9, leite e bebidas instant\u00e2neas.<\/p>\n<p>Para os apreciadores de caf\u00e9 especial, a Rancilio Specialty Invicta estar\u00e1 em exposi\u00e7\u00e3o, equipada com a lan\u00e7a de vapor autom\u00e1tica iSteam para espuma de leite de alta qualidade, seguran\u00e7a e ergonomia. Os moinhos Rancilio Grindtec Bond e Kryo Elite acompanhar\u00e3o a Invicta, garantindo resultados de moagem consistentes e de alta qualidade.<\/p>\n<p>Agora em sua terceira edi\u00e7\u00e3o, o CaReHo 2024 oferece aos donos de restaurantes, hoteleiros, fornecedores e prestadores de servi\u00e7os uma plataforma valiosa para se conectar com clientes, parceiros e l\u00edderes do sector em toda a Su\u00ed\u00e7a. O evento conta com um hub central de networking, demonstra\u00e7\u00f5es em direto e discuss\u00f5es tem\u00e1ticas, oferecendo aos participantes in\u00fameras oportunidades de colabora\u00e7\u00e3o e crescimento.<\/p>\n<p>&nbsp;<\/p>\n<p><strong>CaReHo<\/strong><br \/>\n17-19 novembro de 2024<br \/>\nDas 10h \u00e0s 18h<br \/>\nStand #1614<br \/>\n<a href=\"https:\/\/www.google.com\/maps\/place\/CERM\/@46.0981794,7.0754444,17z\/data=!3m1!4b1!4m6!3m5!1s0x478ec9cefb883f8f:0x52310e966d7c2207!8m2!3d46.0981794!4d7.0780247!16s%2Fg%2F1tfy_0dm?authuser=0&amp;entry=ttu&amp;g_ep=EgoyMDI0MTAyOS4wIKXMDSoASAFQAw%3D%3D\">CERM<\/a><br \/>\nRue du Levant 91<br \/>\n1920 Martigny, Su\u00ed\u00e7a<\/p>\n<p>&nbsp;<\/p>\n<p><strong>Descubra o evento<\/strong><br \/>\n<a href=\"https:\/\/www.careho.ch\/\">https:\/\/www.careho.ch\/<\/a><\/p>\n","protected":false},"excerpt":{"rendered":"<p>De 17 a 19 de novembro, a Egro Suisse receber\u00e1 profissionais da hospitalidade e servi\u00e7os de restaura\u00e7\u00e3o no CaReHo em&#8230;<\/p>\n","protected":false},"author":5,"featured_media":76728,"comment_status":"closed","ping_status":"closed","sticky":false,"template":"","format":"standard","meta":[],"categories":[1958],"tags":[3168,3881,2633,2634,3539,3169,2689],"acf":[],"yoast_head":"<!-- This site is optimized with the Yoast SEO plugin v21.5 - https:\/\/yoast.com\/wordpress\/plugins\/seo\/ -->\n<title>Latest update about Egro Suisse no CaReHo 2024 - Rancilio Group<\/title>\n<meta name=\"description\" content=\"Read Rancilio Group&#039;s latest news about Egro Suisse no CaReHo 2024\" \/>\n<meta name=\"robots\" content=\"index, follow, max-snippet:-1, max-image-preview:large, max-video-preview:-1\" \/>\n<link rel=\"canonical\" href=\"https:\/\/www.ranciliogroup.com\/pt-pt\/egro-suisse-no-careho-2024\/\" \/>\n<meta property=\"og:locale\" content=\"pt_PT\" \/>\n<meta property=\"og:type\" content=\"article\" \/>\n<meta property=\"og:title\" content=\"Latest update about Egro Suisse no CaReHo 2024 - Rancilio Group\" \/>\n<meta property=\"og:description\" content=\"Read Rancilio Group&#039;s latest news about Egro Suisse no CaReHo 2024\" \/>\n<meta property=\"og:url\" content=\"https:\/\/www.ranciliogroup.com\/pt-pt\/egro-suisse-no-careho-2024\/\" \/>\n<meta property=\"og:site_name\" content=\"Rancilio Group\" \/>\n<meta property=\"article:publisher\" content=\"https:\/\/www.facebook.com\/RancilioGroup\" \/>\n<meta property=\"article:published_time\" content=\"2024-11-07T10:19:06+00:00\" \/>\n<meta property=\"og:image\" content=\"https:\/\/www.ranciliogroup.com\/app\/uploads\/2024\/11\/CaReHo-FR-LR.jpg\" \/>\n\t<meta property=\"og:image:width\" content=\"1080\" \/>\n\t<meta property=\"og:image:height\" content=\"608\" \/>\n\t<meta property=\"og:image:type\" content=\"image\/jpeg\" \/>\n<meta name=\"author\" content=\"temp circular\" \/>\n<meta name=\"twitter:card\" content=\"summary_large_image\" \/>\n<meta name=\"twitter:creator\" content=\"@ranciliogroup\" \/>\n<meta name=\"twitter:site\" content=\"@ranciliogroup\" \/>\n<meta name=\"twitter:label1\" content=\"Written by\" \/>\n\t<meta name=\"twitter:data1\" content=\"temp circular\" \/>\n\t<meta name=\"twitter:label2\" content=\"Est. reading time\" \/>\n\t<meta name=\"twitter:data2\" content=\"2 minutes\" \/>\n<script type=\"application\/ld+json\" class=\"yoast-schema-graph\">{\"@context\":\"https:\/\/schema.org\",\"@graph\":[{\"@type\":\"Article\",\"@id\":\"https:\/\/www.ranciliogroup.com\/pt-pt\/egro-suisse-no-careho-2024\/#article\",\"isPartOf\":{\"@id\":\"https:\/\/www.ranciliogroup.com\/pt-pt\/egro-suisse-no-careho-2024\/\"},\"author\":{\"name\":\"temp circular\",\"@id\":\"https:\/\/www.ranciliogroup.com\/pt-pt\/#\/schema\/person\/d6bf0a7dfe74cded3d64da8b2c92814c\"},\"headline\":\"Egro Suisse no CaReHo 2024\",\"datePublished\":\"2024-11-07T10:19:06+00:00\",\"dateModified\":\"2024-11-07T10:19:06+00:00\",\"mainEntityOfPage\":{\"@id\":\"https:\/\/www.ranciliogroup.com\/pt-pt\/egro-suisse-no-careho-2024\/\"},\"wordCount\":261,\"publisher\":{\"@id\":\"https:\/\/www.ranciliogroup.com\/pt-pt\/#organization\"},\"keywords\":[\"Bond\",\"CaReHo\",\"Invicta\",\"Kryo\",\"Kryo\",\"MoDe\",\"Next\"],\"articleSection\":[\"Eventos\"],\"inLanguage\":\"pt-PT\"},{\"@type\":\"WebPage\",\"@id\":\"https:\/\/www.ranciliogroup.com\/pt-pt\/egro-suisse-no-careho-2024\/\",\"url\":\"https:\/\/www.ranciliogroup.com\/pt-pt\/egro-suisse-no-careho-2024\/\",\"name\":\"Latest update about Egro Suisse no CaReHo 2024 - Rancilio Group\",\"isPartOf\":{\"@id\":\"https:\/\/www.ranciliogroup.com\/pt-pt\/#website\"},\"datePublished\":\"2024-11-07T10:19:06+00:00\",\"dateModified\":\"2024-11-07T10:19:06+00:00\",\"description\":\"Read Rancilio Group's latest news about Egro Suisse no CaReHo 2024\",\"breadcrumb\":{\"@id\":\"https:\/\/www.ranciliogroup.com\/pt-pt\/egro-suisse-no-careho-2024\/#breadcrumb\"},\"inLanguage\":\"pt-PT\",\"potentialAction\":[{\"@type\":\"ReadAction\",\"target\":[\"https:\/\/www.ranciliogroup.com\/pt-pt\/egro-suisse-no-careho-2024\/\"]}]},{\"@type\":\"BreadcrumbList\",\"@id\":\"https:\/\/www.ranciliogroup.com\/pt-pt\/egro-suisse-no-careho-2024\/#breadcrumb\",\"itemListElement\":[{\"@type\":\"ListItem\",\"position\":1,\"name\":\"Home\",\"item\":\"https:\/\/www.ranciliogroup.com\/pt-pt\/\"},{\"@type\":\"ListItem\",\"position\":2,\"name\":\"Egro Suisse no CaReHo 2024\"}]},{\"@type\":\"WebSite\",\"@id\":\"https:\/\/www.ranciliogroup.com\/pt-pt\/#website\",\"url\":\"https:\/\/www.ranciliogroup.com\/pt-pt\/\",\"name\":\"Rancilio Group\",\"description\":\"L\u00edder Profissional de M\u00e1quinas de Caf\u00e9\",\"publisher\":{\"@id\":\"https:\/\/www.ranciliogroup.com\/pt-pt\/#organization\"},\"potentialAction\":[{\"@type\":\"SearchAction\",\"target\":{\"@type\":\"EntryPoint\",\"urlTemplate\":\"https:\/\/www.ranciliogroup.com\/pt-pt\/?s={search_term_string}\"},\"query-input\":\"required name=search_term_string\"}],\"inLanguage\":\"pt-PT\"},{\"@type\":\"Organization\",\"@id\":\"https:\/\/www.ranciliogroup.com\/pt-pt\/#organization\",\"name\":\"Rancilio Group\",\"url\":\"https:\/\/www.ranciliogroup.com\/pt-pt\/\",\"logo\":{\"@type\":\"ImageObject\",\"inLanguage\":\"pt-PT\",\"@id\":\"https:\/\/www.ranciliogroup.com\/pt-pt\/#\/schema\/logo\/image\/\",\"url\":\"https:\/\/www.ranciliogroup.com\/app\/uploads\/2019\/07\/rancilio_black_logo.png\",\"contentUrl\":\"https:\/\/www.ranciliogroup.com\/app\/uploads\/2019\/07\/rancilio_black_logo.png\",\"width\":447,\"height\":57,\"caption\":\"Rancilio Group\"},\"image\":{\"@id\":\"https:\/\/www.ranciliogroup.com\/pt-pt\/#\/schema\/logo\/image\/\"},\"sameAs\":[\"https:\/\/www.facebook.com\/RancilioGroup\",\"https:\/\/twitter.com\/ranciliogroup\",\"https:\/\/www.instagram.com\/rancilio_official\/\",\"https:\/\/www.linkedin.com\/company\/ranciliogroup\/\",\"https:\/\/www.youtube.com\/user\/rancilioadmin\"]},{\"@type\":\"Person\",\"@id\":\"https:\/\/www.ranciliogroup.com\/pt-pt\/#\/schema\/person\/d6bf0a7dfe74cded3d64da8b2c92814c\",\"name\":\"temp circular\",\"image\":{\"@type\":\"ImageObject\",\"inLanguage\":\"pt-PT\",\"@id\":\"https:\/\/www.ranciliogroup.com\/pt-pt\/#\/schema\/person\/image\/\",\"url\":\"https:\/\/secure.gravatar.com\/avatar\/569e71c3b97b8bcad1854d6579b35c5f?s=96&d=mm&r=g\",\"contentUrl\":\"https:\/\/secure.gravatar.com\/avatar\/569e71c3b97b8bcad1854d6579b35c5f?s=96&d=mm&r=g\",\"caption\":\"temp circular\"}}]}<\/script>\n<!-- \/ Yoast SEO plugin. -->","yoast_head_json":{"title":"Latest update about Egro Suisse no CaReHo 2024 - Rancilio Group","description":"Read Rancilio Group's latest news about Egro Suisse no CaReHo 2024","robots":{"index":"index","follow":"follow","max-snippet":"max-snippet:-1","max-image-preview":"max-image-preview:large","max-video-preview":"max-video-preview:-1"},"canonical":"https:\/\/www.ranciliogroup.com\/pt-pt\/egro-suisse-no-careho-2024\/","og_locale":"pt_PT","og_type":"article","og_title":"Latest update about Egro Suisse no CaReHo 2024 - Rancilio Group","og_description":"Read Rancilio Group's latest news about Egro Suisse no CaReHo 2024","og_url":"https:\/\/www.ranciliogroup.com\/pt-pt\/egro-suisse-no-careho-2024\/","og_site_name":"Rancilio Group","article_publisher":"https:\/\/www.facebook.com\/RancilioGroup","article_published_time":"2024-11-07T10:19:06+00:00","og_image":[{"width":1080,"height":608,"url":"https:\/\/www.ranciliogroup.com\/app\/uploads\/2024\/11\/CaReHo-FR-LR.jpg","type":"image\/jpeg"}],"author":"temp circular","twitter_card":"summary_large_image","twitter_creator":"@ranciliogroup","twitter_site":"@ranciliogroup","twitter_misc":{"Written by":"temp circular","Est. reading time":"2 minutes"},"schema":{"@context":"https:\/\/schema.org","@graph":[{"@type":"Article","@id":"https:\/\/www.ranciliogroup.com\/pt-pt\/egro-suisse-no-careho-2024\/#article","isPartOf":{"@id":"https:\/\/www.ranciliogroup.com\/pt-pt\/egro-suisse-no-careho-2024\/"},"author":{"name":"temp circular","@id":"https:\/\/www.ranciliogroup.com\/pt-pt\/#\/schema\/person\/d6bf0a7dfe74cded3d64da8b2c92814c"},"headline":"Egro Suisse no CaReHo 2024","datePublished":"2024-11-07T10:19:06+00:00","dateModified":"2024-11-07T10:19:06+00:00","mainEntityOfPage":{"@id":"https:\/\/www.ranciliogroup.com\/pt-pt\/egro-suisse-no-careho-2024\/"},"wordCount":261,"publisher":{"@id":"https:\/\/www.ranciliogroup.com\/pt-pt\/#organization"},"keywords":["Bond","CaReHo","Invicta","Kryo","Kryo","MoDe","Next"],"articleSection":["Eventos"],"inLanguage":"pt-PT"},{"@type":"WebPage","@id":"https:\/\/www.ranciliogroup.com\/pt-pt\/egro-suisse-no-careho-2024\/","url":"https:\/\/www.ranciliogroup.com\/pt-pt\/egro-suisse-no-careho-2024\/","name":"Latest update about Egro Suisse no CaReHo 2024 - Rancilio Group","isPartOf":{"@id":"https:\/\/www.ranciliogroup.com\/pt-pt\/#website"},"datePublished":"2024-11-07T10:19:06+00:00","dateModified":"2024-11-07T10:19:06+00:00","description":"Read Rancilio Group's latest news about Egro Suisse no CaReHo 2024","breadcrumb":{"@id":"https:\/\/www.ranciliogroup.com\/pt-pt\/egro-suisse-no-careho-2024\/#breadcrumb"},"inLanguage":"pt-PT","potentialAction":[{"@type":"ReadAction","target":["https:\/\/www.ranciliogroup.com\/pt-pt\/egro-suisse-no-careho-2024\/"]}]},{"@type":"BreadcrumbList","@id":"https:\/\/www.ranciliogroup.com\/pt-pt\/egro-suisse-no-careho-2024\/#breadcrumb","itemListElement":[{"@type":"ListItem","position":1,"name":"Home","item":"https:\/\/www.ranciliogroup.com\/pt-pt\/"},{"@type":"ListItem","position":2,"name":"Egro Suisse no CaReHo 2024"}]},{"@type":"WebSite","@id":"https:\/\/www.ranciliogroup.com\/pt-pt\/#website","url":"https:\/\/www.ranciliogroup.com\/pt-pt\/","name":"Rancilio Group","description":"L\u00edder Profissional de M\u00e1quinas de Caf\u00e9","publisher":{"@id":"https:\/\/www.ranciliogroup.com\/pt-pt\/#organization"},"potentialAction":[{"@type":"SearchAction","target":{"@type":"EntryPoint","urlTemplate":"https:\/\/www.ranciliogroup.com\/pt-pt\/?s={search_term_string}"},"query-input":"required name=search_term_string"}],"inLanguage":"pt-PT"},{"@type":"Organization","@id":"https:\/\/www.ranciliogroup.com\/pt-pt\/#organization","name":"Rancilio Group","url":"https:\/\/www.ranciliogroup.com\/pt-pt\/","logo":{"@type":"ImageObject","inLanguage":"pt-PT","@id":"https:\/\/www.ranciliogroup.com\/pt-pt\/#\/schema\/logo\/image\/","url":"https:\/\/www.ranciliogroup.com\/app\/uploads\/2019\/07\/rancilio_black_logo.png","contentUrl":"https:\/\/www.ranciliogroup.com\/app\/uploads\/2019\/07\/rancilio_black_logo.png","width":447,"height":57,"caption":"Rancilio Group"},"image":{"@id":"https:\/\/www.ranciliogroup.com\/pt-pt\/#\/schema\/logo\/image\/"},"sameAs":["https:\/\/www.facebook.com\/RancilioGroup","https:\/\/twitter.com\/ranciliogroup","https:\/\/www.instagram.com\/rancilio_official\/","https:\/\/www.linkedin.com\/company\/ranciliogroup\/","https:\/\/www.youtube.com\/user\/rancilioadmin"]},{"@type":"Person","@id":"https:\/\/www.ranciliogroup.com\/pt-pt\/#\/schema\/person\/d6bf0a7dfe74cded3d64da8b2c92814c","name":"temp circular","image":{"@type":"ImageObject","inLanguage":"pt-PT","@id":"https:\/\/www.ranciliogroup.com\/pt-pt\/#\/schema\/person\/image\/","url":"https:\/\/secure.gravatar.com\/avatar\/569e71c3b97b8bcad1854d6579b35c5f?s=96&d=mm&r=g","contentUrl":"https:\/\/secure.gravatar.com\/avatar\/569e71c3b97b8bcad1854d6579b35c5f?s=96&d=mm&r=g","caption":"temp circular"}}]}},"_links":{"self":[{"href":"https:\/\/www.ranciliogroup.com\/pt-pt\/wp-json\/wp\/v2\/posts\/76760"}],"collection":[{"href":"https:\/\/www.ranciliogroup.com\/pt-pt\/wp-json\/wp\/v2\/posts"}],"about":[{"href":"https:\/\/www.ranciliogroup.com\/pt-pt\/wp-json\/wp\/v2\/types\/post"}],"author":[{"embeddable":true,"href":"https:\/\/www.ranciliogroup.com\/pt-pt\/wp-json\/wp\/v2\/users\/5"}],"replies":[{"embeddable":true,"href":"https:\/\/www.ranciliogroup.com\/pt-pt\/wp-json\/wp\/v2\/comments?post=76760"}],"version-history":[{"count":2,"href":"https:\/\/www.ranciliogroup.com\/pt-pt\/wp-json\/wp\/v2\/posts\/76760\/revisions"}],"predecessor-version":[{"id":76762,"href":"https:\/\/www.ranciliogroup.com\/pt-pt\/wp-json\/wp\/v2\/posts\/76760\/revisions\/76762"}],"wp:featuredmedia":[{"embeddable":true,"href":"https:\/\/www.ranciliogroup.com\/pt-pt\/wp-json\/wp\/v2\/media\/76728"}],"wp:attachment":[{"href":"https:\/\/www.ranciliogroup.com\/pt-pt\/wp-json\/wp\/v2\/media?parent=76760"}],"wp:term":[{"taxonomy":"category","embeddable":true,"href":"https:\/\/www.ranciliogroup.com\/pt-pt\/wp-json\/wp\/v2\/categories?post=76760"},{"taxonomy":"post_tag","embeddable":true,"href":"https:\/\/www.ranciliogroup.com\/pt-pt\/wp-json\/wp\/v2\/tags?post=76760"}],"curies":[{"name":"wp","href":"https:\/\/api.w.org\/{rel}","templated":true}]}}