{"id":78901,"date":"2025-04-22T15:24:30","date_gmt":"2025-04-22T13:24:30","guid":{"rendered":"https:\/\/www.ranciliogroup.com\/?p=78901"},"modified":"2025-04-22T15:24:30","modified_gmt":"2025-04-22T13:24:30","slug":"junte-se-a-rancilio-specialty-na-segunda-fase-da-the-barista-league","status":"publish","type":"post","link":"https:\/\/www.ranciliogroup.com\/pt-pt\/junte-se-a-rancilio-specialty-na-segunda-fase-da-the-barista-league\/","title":{"rendered":"Junte-se \u00e0 Rancilio Specialty na Segunda Fase da The Barista League"},"content":{"rendered":"<p>No dia 8 de maio, a Rancilio Specialty convida os apaixonados pelo caf\u00e9 para a <em>The Barista League<\/em>:<em> Am\u00e9rica Latina<\/em>, que ter\u00e1 lugar no Palco C3 em Guadalajara, M\u00e9xico.<\/p>\n<p>Tendo como pano de fundo a vibrante e crescente cena do caf\u00e9 de especialidade de Guadalajara, 20 baristas ousados &#8211; divididos em 10 equipas criativas &#8211; enfrentar\u00e3o uma s\u00e9rie de desafios emocionantes. Munidos da <strong>Rancilio Specialty Invicta<\/strong>, uma m\u00e1quina de caf\u00e9 expresso com caldeira \u00fanica e a tecnologia <strong>Steady Brew<\/strong>, cada equipa ter\u00e1 apenas 15 minutos para mostrar os aromas e sabores das suas bebidas de caf\u00e9.<\/p>\n<p>Al\u00e9m disso, no stand da Rancilio Specialty, os convidados podem experimentar o jogo <strong><em>Guess the Temperature Profile Game (<\/em><\/strong>Adivinhe o perfil de temperatura), explorando as carater\u00edsticas avan\u00e7adas do RS1 para terem a oportunidade de ganhar um pr\u00e9mio especial.<\/p>\n<p>Por uma noite apenas, <em>The Barista League<\/em>:<em> Latin America<\/em> receber\u00e1 seis Convidados Especiais &#8211; grandes nomes da Am\u00e9rica Latina e n\u00e3o s\u00f3 &#8211; que assumir\u00e3o a dif\u00edcil tarefa de julgar e coroar o campe\u00e3o deste ano. Com um Roasters Village organizado com talentos emergentes e \u00edcones da ind\u00fastria, o <em>Barista League Caf\u00e9<\/em> e uma variedade de jogos, desafios e brindes &#8211; <em>The Barista League<\/em>:<em> Latin America<\/em> \u00e9 o evento imperd\u00edvel da temporada.<\/p>\n<p>Os bilhetes est\u00e3o dispon\u00edveis no <a href=\"https:\/\/eventos.ticketnowmexico.com\/ordertickets.asp?p=2083&amp;src=default\">Ticket Now<\/a><\/p>\n<p>&nbsp;<\/p>\n<p>&nbsp;<\/p>\n<p><strong>The Barista League: Latin America<\/strong><br \/>\nQuinta-feira, 8 de maio de 2025<br \/>\nA partir das 17h00<br \/>\n<a href=\"https:\/\/www.google.com\/maps\/place\/C3+Stage\/@20.674812,-103.369548,16z\/data=!3m1!4b1!4m6!3m5!1s0x8428ae05449aa6cb:0x9d1ec60bd4a5a049!8m2!3d20.674812!4d-103.369548!16s%2Fg%2F11b6_rm0kh?entry=ttu&amp;g_ep=EgoyMDI1MDMxMi4wIKXMDSoJLDEwMjExNDUzSAFQAw%3D%3D\">Fase C3<\/a><br \/>\nAv. Ignacio L Vallarta 1488<br \/>\nCol Americana, Lafayette<br \/>\n44600 Guadalajara, Jal., Mexico<\/p>\n","protected":false},"excerpt":{"rendered":"<p>No dia 8 de maio, a Rancilio Specialty convida os apaixonados pelo caf\u00e9 para a The Barista League: Am\u00e9rica Latina,&#8230;<\/p>\n","protected":false},"author":5,"featured_media":78882,"comment_status":"closed","ping_status":"closed","sticky":false,"template":"","format":"standard","meta":[],"categories":[1958],"tags":[4071,3360,2804,2633,2606,2605],"acf":[],"yoast_head":"<!-- This site is optimized with the Yoast SEO plugin v21.5 - https:\/\/yoast.com\/wordpress\/plugins\/seo\/ -->\n<title>Latest update about Junte-se \u00e0 Rancilio Specialty na Segunda Fase da The Barista League - Rancilio Group<\/title>\n<meta name=\"description\" content=\"Read Rancilio Group&#039;s latest news about Junte-se \u00e0 Rancilio Specialty na Segunda Fase da The Barista League\" \/>\n<meta name=\"robots\" content=\"index, follow, max-snippet:-1, max-image-preview:large, max-video-preview:-1\" \/>\n<link rel=\"canonical\" href=\"https:\/\/www.ranciliogroup.com\/pt-pt\/junte-se-a-rancilio-specialty-na-segunda-fase-da-the-barista-league\/\" \/>\n<meta property=\"og:locale\" content=\"pt_PT\" \/>\n<meta property=\"og:type\" content=\"article\" \/>\n<meta property=\"og:title\" content=\"Latest update about Junte-se \u00e0 Rancilio Specialty na Segunda Fase da The Barista League - Rancilio Group\" \/>\n<meta property=\"og:description\" content=\"Read Rancilio Group&#039;s latest news about Junte-se \u00e0 Rancilio Specialty na Segunda Fase da The Barista League\" \/>\n<meta property=\"og:url\" content=\"https:\/\/www.ranciliogroup.com\/pt-pt\/junte-se-a-rancilio-specialty-na-segunda-fase-da-the-barista-league\/\" \/>\n<meta property=\"og:site_name\" content=\"Rancilio Group\" \/>\n<meta property=\"article:publisher\" content=\"https:\/\/www.facebook.com\/RancilioGroup\" \/>\n<meta property=\"article:published_time\" content=\"2025-04-22T13:24:30+00:00\" \/>\n<meta property=\"og:image\" content=\"https:\/\/www.ranciliogroup.com\/app\/uploads\/2025\/04\/RANCILIO_SPECIALTY_TBL_2025_WEB.jpg\" \/>\n\t<meta property=\"og:image:width\" content=\"1080\" \/>\n\t<meta property=\"og:image:height\" content=\"720\" \/>\n\t<meta property=\"og:image:type\" content=\"image\/jpeg\" \/>\n<meta name=\"author\" content=\"temp circular\" \/>\n<meta name=\"twitter:card\" content=\"summary_large_image\" \/>\n<meta name=\"twitter:creator\" content=\"@ranciliogroup\" \/>\n<meta name=\"twitter:site\" content=\"@ranciliogroup\" \/>\n<meta name=\"twitter:label1\" content=\"Written by\" \/>\n\t<meta name=\"twitter:data1\" content=\"temp circular\" \/>\n\t<meta name=\"twitter:label2\" content=\"Est. reading time\" \/>\n\t<meta name=\"twitter:data2\" content=\"2 minutes\" \/>\n<script type=\"application\/ld+json\" class=\"yoast-schema-graph\">{\"@context\":\"https:\/\/schema.org\",\"@graph\":[{\"@type\":\"Article\",\"@id\":\"https:\/\/www.ranciliogroup.com\/pt-pt\/junte-se-a-rancilio-specialty-na-segunda-fase-da-the-barista-league\/#article\",\"isPartOf\":{\"@id\":\"https:\/\/www.ranciliogroup.com\/pt-pt\/junte-se-a-rancilio-specialty-na-segunda-fase-da-the-barista-league\/\"},\"author\":{\"name\":\"temp circular\",\"@id\":\"https:\/\/www.ranciliogroup.com\/pt-pt\/#\/schema\/person\/d6bf0a7dfe74cded3d64da8b2c92814c\"},\"headline\":\"Junte-se \u00e0 Rancilio Specialty na Segunda Fase da The Barista League\",\"datePublished\":\"2025-04-22T13:24:30+00:00\",\"dateModified\":\"2025-04-22T13:24:30+00:00\",\"mainEntityOfPage\":{\"@id\":\"https:\/\/www.ranciliogroup.com\/pt-pt\/junte-se-a-rancilio-specialty-na-segunda-fase-da-the-barista-league\/\"},\"wordCount\":263,\"publisher\":{\"@id\":\"https:\/\/www.ranciliogroup.com\/pt-pt\/#organization\"},\"keywords\":[\"Guadalajara\",\"Advanced Temperature Profiling\",\"Mexico\",\"Invicta\",\"Barista League\",\"RS1\"],\"articleSection\":[\"Eventos\"],\"inLanguage\":\"pt-PT\"},{\"@type\":\"WebPage\",\"@id\":\"https:\/\/www.ranciliogroup.com\/pt-pt\/junte-se-a-rancilio-specialty-na-segunda-fase-da-the-barista-league\/\",\"url\":\"https:\/\/www.ranciliogroup.com\/pt-pt\/junte-se-a-rancilio-specialty-na-segunda-fase-da-the-barista-league\/\",\"name\":\"Latest update about Junte-se \u00e0 Rancilio Specialty na Segunda Fase da The Barista League - Rancilio Group\",\"isPartOf\":{\"@id\":\"https:\/\/www.ranciliogroup.com\/pt-pt\/#website\"},\"datePublished\":\"2025-04-22T13:24:30+00:00\",\"dateModified\":\"2025-04-22T13:24:30+00:00\",\"description\":\"Read Rancilio Group's latest news about Junte-se \u00e0 Rancilio Specialty na Segunda Fase da The Barista League\",\"breadcrumb\":{\"@id\":\"https:\/\/www.ranciliogroup.com\/pt-pt\/junte-se-a-rancilio-specialty-na-segunda-fase-da-the-barista-league\/#breadcrumb\"},\"inLanguage\":\"pt-PT\",\"potentialAction\":[{\"@type\":\"ReadAction\",\"target\":[\"https:\/\/www.ranciliogroup.com\/pt-pt\/junte-se-a-rancilio-specialty-na-segunda-fase-da-the-barista-league\/\"]}]},{\"@type\":\"BreadcrumbList\",\"@id\":\"https:\/\/www.ranciliogroup.com\/pt-pt\/junte-se-a-rancilio-specialty-na-segunda-fase-da-the-barista-league\/#breadcrumb\",\"itemListElement\":[{\"@type\":\"ListItem\",\"position\":1,\"name\":\"Home\",\"item\":\"https:\/\/www.ranciliogroup.com\/pt-pt\/\"},{\"@type\":\"ListItem\",\"position\":2,\"name\":\"Junte-se \u00e0 Rancilio Specialty na Segunda Fase da The Barista League\"}]},{\"@type\":\"WebSite\",\"@id\":\"https:\/\/www.ranciliogroup.com\/pt-pt\/#website\",\"url\":\"https:\/\/www.ranciliogroup.com\/pt-pt\/\",\"name\":\"Rancilio Group\",\"description\":\"L\u00edder Profissional de M\u00e1quinas de Caf\u00e9\",\"publisher\":{\"@id\":\"https:\/\/www.ranciliogroup.com\/pt-pt\/#organization\"},\"potentialAction\":[{\"@type\":\"SearchAction\",\"target\":{\"@type\":\"EntryPoint\",\"urlTemplate\":\"https:\/\/www.ranciliogroup.com\/pt-pt\/?s={search_term_string}\"},\"query-input\":\"required name=search_term_string\"}],\"inLanguage\":\"pt-PT\"},{\"@type\":\"Organization\",\"@id\":\"https:\/\/www.ranciliogroup.com\/pt-pt\/#organization\",\"name\":\"Rancilio Group\",\"url\":\"https:\/\/www.ranciliogroup.com\/pt-pt\/\",\"logo\":{\"@type\":\"ImageObject\",\"inLanguage\":\"pt-PT\",\"@id\":\"https:\/\/www.ranciliogroup.com\/pt-pt\/#\/schema\/logo\/image\/\",\"url\":\"https:\/\/www.ranciliogroup.com\/app\/uploads\/2019\/07\/rancilio_black_logo.png\",\"contentUrl\":\"https:\/\/www.ranciliogroup.com\/app\/uploads\/2019\/07\/rancilio_black_logo.png\",\"width\":447,\"height\":57,\"caption\":\"Rancilio Group\"},\"image\":{\"@id\":\"https:\/\/www.ranciliogroup.com\/pt-pt\/#\/schema\/logo\/image\/\"},\"sameAs\":[\"https:\/\/www.facebook.com\/RancilioGroup\",\"https:\/\/twitter.com\/ranciliogroup\",\"https:\/\/www.instagram.com\/rancilio_official\/\",\"https:\/\/www.linkedin.com\/company\/ranciliogroup\/\",\"https:\/\/www.youtube.com\/user\/rancilioadmin\"]},{\"@type\":\"Person\",\"@id\":\"https:\/\/www.ranciliogroup.com\/pt-pt\/#\/schema\/person\/d6bf0a7dfe74cded3d64da8b2c92814c\",\"name\":\"temp circular\",\"image\":{\"@type\":\"ImageObject\",\"inLanguage\":\"pt-PT\",\"@id\":\"https:\/\/www.ranciliogroup.com\/pt-pt\/#\/schema\/person\/image\/\",\"url\":\"https:\/\/secure.gravatar.com\/avatar\/569e71c3b97b8bcad1854d6579b35c5f?s=96&d=mm&r=g\",\"contentUrl\":\"https:\/\/secure.gravatar.com\/avatar\/569e71c3b97b8bcad1854d6579b35c5f?s=96&d=mm&r=g\",\"caption\":\"temp circular\"}}]}<\/script>\n<!-- \/ Yoast SEO plugin. -->","yoast_head_json":{"title":"Latest update about Junte-se \u00e0 Rancilio Specialty na Segunda Fase da The Barista League - Rancilio Group","description":"Read Rancilio Group's latest news about Junte-se \u00e0 Rancilio Specialty na Segunda Fase da The Barista League","robots":{"index":"index","follow":"follow","max-snippet":"max-snippet:-1","max-image-preview":"max-image-preview:large","max-video-preview":"max-video-preview:-1"},"canonical":"https:\/\/www.ranciliogroup.com\/pt-pt\/junte-se-a-rancilio-specialty-na-segunda-fase-da-the-barista-league\/","og_locale":"pt_PT","og_type":"article","og_title":"Latest update about Junte-se \u00e0 Rancilio Specialty na Segunda Fase da The Barista League - Rancilio Group","og_description":"Read Rancilio Group's latest news about Junte-se \u00e0 Rancilio Specialty na Segunda Fase da The Barista League","og_url":"https:\/\/www.ranciliogroup.com\/pt-pt\/junte-se-a-rancilio-specialty-na-segunda-fase-da-the-barista-league\/","og_site_name":"Rancilio Group","article_publisher":"https:\/\/www.facebook.com\/RancilioGroup","article_published_time":"2025-04-22T13:24:30+00:00","og_image":[{"width":1080,"height":720,"url":"https:\/\/www.ranciliogroup.com\/app\/uploads\/2025\/04\/RANCILIO_SPECIALTY_TBL_2025_WEB.jpg","type":"image\/jpeg"}],"author":"temp circular","twitter_card":"summary_large_image","twitter_creator":"@ranciliogroup","twitter_site":"@ranciliogroup","twitter_misc":{"Written by":"temp circular","Est. reading time":"2 minutes"},"schema":{"@context":"https:\/\/schema.org","@graph":[{"@type":"Article","@id":"https:\/\/www.ranciliogroup.com\/pt-pt\/junte-se-a-rancilio-specialty-na-segunda-fase-da-the-barista-league\/#article","isPartOf":{"@id":"https:\/\/www.ranciliogroup.com\/pt-pt\/junte-se-a-rancilio-specialty-na-segunda-fase-da-the-barista-league\/"},"author":{"name":"temp circular","@id":"https:\/\/www.ranciliogroup.com\/pt-pt\/#\/schema\/person\/d6bf0a7dfe74cded3d64da8b2c92814c"},"headline":"Junte-se \u00e0 Rancilio Specialty na Segunda Fase da The Barista League","datePublished":"2025-04-22T13:24:30+00:00","dateModified":"2025-04-22T13:24:30+00:00","mainEntityOfPage":{"@id":"https:\/\/www.ranciliogroup.com\/pt-pt\/junte-se-a-rancilio-specialty-na-segunda-fase-da-the-barista-league\/"},"wordCount":263,"publisher":{"@id":"https:\/\/www.ranciliogroup.com\/pt-pt\/#organization"},"keywords":["Guadalajara","Advanced Temperature Profiling","Mexico","Invicta","Barista League","RS1"],"articleSection":["Eventos"],"inLanguage":"pt-PT"},{"@type":"WebPage","@id":"https:\/\/www.ranciliogroup.com\/pt-pt\/junte-se-a-rancilio-specialty-na-segunda-fase-da-the-barista-league\/","url":"https:\/\/www.ranciliogroup.com\/pt-pt\/junte-se-a-rancilio-specialty-na-segunda-fase-da-the-barista-league\/","name":"Latest update about Junte-se \u00e0 Rancilio Specialty na Segunda Fase da The Barista League - Rancilio Group","isPartOf":{"@id":"https:\/\/www.ranciliogroup.com\/pt-pt\/#website"},"datePublished":"2025-04-22T13:24:30+00:00","dateModified":"2025-04-22T13:24:30+00:00","description":"Read Rancilio Group's latest news about Junte-se \u00e0 Rancilio Specialty na Segunda Fase da The Barista League","breadcrumb":{"@id":"https:\/\/www.ranciliogroup.com\/pt-pt\/junte-se-a-rancilio-specialty-na-segunda-fase-da-the-barista-league\/#breadcrumb"},"inLanguage":"pt-PT","potentialAction":[{"@type":"ReadAction","target":["https:\/\/www.ranciliogroup.com\/pt-pt\/junte-se-a-rancilio-specialty-na-segunda-fase-da-the-barista-league\/"]}]},{"@type":"BreadcrumbList","@id":"https:\/\/www.ranciliogroup.com\/pt-pt\/junte-se-a-rancilio-specialty-na-segunda-fase-da-the-barista-league\/#breadcrumb","itemListElement":[{"@type":"ListItem","position":1,"name":"Home","item":"https:\/\/www.ranciliogroup.com\/pt-pt\/"},{"@type":"ListItem","position":2,"name":"Junte-se \u00e0 Rancilio Specialty na Segunda Fase da The Barista League"}]},{"@type":"WebSite","@id":"https:\/\/www.ranciliogroup.com\/pt-pt\/#website","url":"https:\/\/www.ranciliogroup.com\/pt-pt\/","name":"Rancilio Group","description":"L\u00edder Profissional de M\u00e1quinas de Caf\u00e9","publisher":{"@id":"https:\/\/www.ranciliogroup.com\/pt-pt\/#organization"},"potentialAction":[{"@type":"SearchAction","target":{"@type":"EntryPoint","urlTemplate":"https:\/\/www.ranciliogroup.com\/pt-pt\/?s={search_term_string}"},"query-input":"required name=search_term_string"}],"inLanguage":"pt-PT"},{"@type":"Organization","@id":"https:\/\/www.ranciliogroup.com\/pt-pt\/#organization","name":"Rancilio Group","url":"https:\/\/www.ranciliogroup.com\/pt-pt\/","logo":{"@type":"ImageObject","inLanguage":"pt-PT","@id":"https:\/\/www.ranciliogroup.com\/pt-pt\/#\/schema\/logo\/image\/","url":"https:\/\/www.ranciliogroup.com\/app\/uploads\/2019\/07\/rancilio_black_logo.png","contentUrl":"https:\/\/www.ranciliogroup.com\/app\/uploads\/2019\/07\/rancilio_black_logo.png","width":447,"height":57,"caption":"Rancilio Group"},"image":{"@id":"https:\/\/www.ranciliogroup.com\/pt-pt\/#\/schema\/logo\/image\/"},"sameAs":["https:\/\/www.facebook.com\/RancilioGroup","https:\/\/twitter.com\/ranciliogroup","https:\/\/www.instagram.com\/rancilio_official\/","https:\/\/www.linkedin.com\/company\/ranciliogroup\/","https:\/\/www.youtube.com\/user\/rancilioadmin"]},{"@type":"Person","@id":"https:\/\/www.ranciliogroup.com\/pt-pt\/#\/schema\/person\/d6bf0a7dfe74cded3d64da8b2c92814c","name":"temp circular","image":{"@type":"ImageObject","inLanguage":"pt-PT","@id":"https:\/\/www.ranciliogroup.com\/pt-pt\/#\/schema\/person\/image\/","url":"https:\/\/secure.gravatar.com\/avatar\/569e71c3b97b8bcad1854d6579b35c5f?s=96&d=mm&r=g","contentUrl":"https:\/\/secure.gravatar.com\/avatar\/569e71c3b97b8bcad1854d6579b35c5f?s=96&d=mm&r=g","caption":"temp circular"}}]}},"_links":{"self":[{"href":"https:\/\/www.ranciliogroup.com\/pt-pt\/wp-json\/wp\/v2\/posts\/78901"}],"collection":[{"href":"https:\/\/www.ranciliogroup.com\/pt-pt\/wp-json\/wp\/v2\/posts"}],"about":[{"href":"https:\/\/www.ranciliogroup.com\/pt-pt\/wp-json\/wp\/v2\/types\/post"}],"author":[{"embeddable":true,"href":"https:\/\/www.ranciliogroup.com\/pt-pt\/wp-json\/wp\/v2\/users\/5"}],"replies":[{"embeddable":true,"href":"https:\/\/www.ranciliogroup.com\/pt-pt\/wp-json\/wp\/v2\/comments?post=78901"}],"version-history":[{"count":2,"href":"https:\/\/www.ranciliogroup.com\/pt-pt\/wp-json\/wp\/v2\/posts\/78901\/revisions"}],"predecessor-version":[{"id":78903,"href":"https:\/\/www.ranciliogroup.com\/pt-pt\/wp-json\/wp\/v2\/posts\/78901\/revisions\/78903"}],"wp:featuredmedia":[{"embeddable":true,"href":"https:\/\/www.ranciliogroup.com\/pt-pt\/wp-json\/wp\/v2\/media\/78882"}],"wp:attachment":[{"href":"https:\/\/www.ranciliogroup.com\/pt-pt\/wp-json\/wp\/v2\/media?parent=78901"}],"wp:term":[{"taxonomy":"category","embeddable":true,"href":"https:\/\/www.ranciliogroup.com\/pt-pt\/wp-json\/wp\/v2\/categories?post=78901"},{"taxonomy":"post_tag","embeddable":true,"href":"https:\/\/www.ranciliogroup.com\/pt-pt\/wp-json\/wp\/v2\/tags?post=78901"}],"curies":[{"name":"wp","href":"https:\/\/api.w.org\/{rel}","templated":true}]}}