{"id":83671,"date":"2026-04-28T12:09:10","date_gmt":"2026-04-28T10:09:10","guid":{"rendered":"https:\/\/www.ranciliogroup.com\/?p=83671"},"modified":"2026-04-28T12:09:10","modified_gmt":"2026-04-28T10:09:10","slug":"a-rancilio-a-rancilio-specialty-e-a-egro-assumem-o-protagonismo-no-london-coffee-festival-2026","status":"publish","type":"post","link":"https:\/\/www.ranciliogroup.com\/pt-pt\/a-rancilio-a-rancilio-specialty-e-a-egro-assumem-o-protagonismo-no-london-coffee-festival-2026\/","title":{"rendered":"A Rancilio, a Rancilio Specialty e a Egro assumem o protagonismo no London Coffee Festival 2026"},"content":{"rendered":"<p>De 14 a 17 de maio, o London Coffee Festival regressa \u00e0 The Truman Brewery, o cora\u00e7\u00e3o pulsante do mundo do caf\u00e9 de especialidade de Londres. A Rancilio, a Rancilio Specialty e a Egro est\u00e3o prontas para receber profissionais do setor e amantes de caf\u00e9 com uma experi\u00eancia imersiva centrada na inova\u00e7\u00e3o e no desempenho.<\/p>\n<p>Em destaque est\u00e1 a m\u00e1quina profissional Rancilio Specialty RS1 com sistema multicaldeira, dotada da tecnologia Advanced Temperature Profiling, juntamente com a tradicional m\u00e1quina Invicta de caldeira \u00fanica \u2014 ambas apresentadas numa cor especial criada para a ocasi\u00e3o.<\/p>\n<p>A Rancilio apresenta tamb\u00e9m a nova Classe 5 Crono, equipada com um ecr\u00e3 digital e um temporizador de distribui\u00e7\u00e3o integrados para monitorizar cada extra\u00e7\u00e3o em tempo real e garantir a m\u00e1xima consist\u00eancia na ch\u00e1vena. A completar a gama est\u00e3o o moinho profissional Kryo Elite, bem como o moinho Stile, e as m\u00e1quinas Silvia e Silvia Pro X destinados aos baristas dom\u00e9sticos mais experientes.<\/p>\n<p>A \u00e1rea da Egro apresenta solu\u00e7\u00f5es totalmente autom\u00e1ticas com a MoDe Pro Milk e a Next NMS+, ideais para locais de grande volume que exigem um menu de caf\u00e9 extenso e qualidade consistente.<\/p>\n<p>Com demonstra\u00e7\u00f5es ao vivo, workshops, degusta\u00e7\u00f5es e oportunidades de networking, o London Coffee Festival torna-se um ponto de encontro fundamental para descobrir tecnologias avan\u00e7adas e as \u00faltimas tend\u00eancias tanto no caf\u00e9 profissional como no caf\u00e9 caseiro.<\/p>\n<p><strong>\u00a0<\/strong><\/p>\n<p><strong>\u00a0<\/strong><\/p>\n<p><strong>London Coffee Festival 2026<\/strong><br \/>\n14\u201317 de maio de 2026<br \/>\nDas 10:00 \u00e0s 17:00<br \/>\nStand HP10<br \/>\n<a href=\"https:\/\/www.google.com\/maps\/place\/The+Truman+Brewery\/@51.5212729,-0.0745701,17z\/data=!3m2!4b1!5s0x48761cca7ad8f109:0x76afa4b352d0a421!4m6!3m5!1s0x48761cb681c09d1b:0xffb3966176941f91!8m2!3d51.5212729!4d-0.0719898!16zL20vMDd4cTEx?authuser=0&amp;entry=ttu&amp;g_ep=EgoyMDI1MDQwMi4xIKXMDSoJLDEwMjExNDUzSAFQAw%3D%3D\">The Truman Brewery<\/a><br \/>\n91 Brick Ln, E1 6QR<br \/>\nLondon United Kingdom<\/p>\n","protected":false},"excerpt":{"rendered":"<p>De 14 a 17 de maio, o London Coffee Festival regressa \u00e0 The Truman Brewery, o cora\u00e7\u00e3o pulsante do mundo&#8230;<\/p>\n","protected":false},"author":5,"featured_media":83659,"comment_status":"closed","ping_status":"closed","sticky":false,"template":"","format":"standard","meta":[],"categories":[1958],"tags":[4514,4288,4085,3169,2918,2861,2860,2744,2689,2634,2633,2605],"acf":[],"yoast_head":"<!-- This site is optimized with the Yoast SEO plugin v21.5 - https:\/\/yoast.com\/wordpress\/plugins\/seo\/ -->\n<title>Latest update about A Rancilio, a Rancilio Specialty e a Egro assumem o protagonismo no London Coffee Festival 2026 - Rancilio Group<\/title>\n<meta name=\"description\" content=\"Read Rancilio Group&#039;s latest news about A Rancilio, a Rancilio Specialty e a Egro assumem o protagonismo no London Coffee Festival 2026\" \/>\n<meta name=\"robots\" content=\"index, follow, max-snippet:-1, max-image-preview:large, max-video-preview:-1\" \/>\n<link rel=\"canonical\" href=\"https:\/\/www.ranciliogroup.com\/pt-pt\/a-rancilio-a-rancilio-specialty-e-a-egro-assumem-o-protagonismo-no-london-coffee-festival-2026\/\" \/>\n<meta property=\"og:locale\" content=\"pt_PT\" \/>\n<meta property=\"og:type\" content=\"article\" \/>\n<meta property=\"og:title\" content=\"Latest update about A Rancilio, a Rancilio Specialty e a Egro assumem o protagonismo no London Coffee Festival 2026 - Rancilio Group\" \/>\n<meta property=\"og:description\" content=\"Read Rancilio Group&#039;s latest news about A Rancilio, a Rancilio Specialty e a Egro assumem o protagonismo no London Coffee Festival 2026\" \/>\n<meta property=\"og:url\" content=\"https:\/\/www.ranciliogroup.com\/pt-pt\/a-rancilio-a-rancilio-specialty-e-a-egro-assumem-o-protagonismo-no-london-coffee-festival-2026\/\" \/>\n<meta property=\"og:site_name\" content=\"Rancilio Group\" \/>\n<meta property=\"article:publisher\" content=\"https:\/\/www.facebook.com\/RancilioGroup\" \/>\n<meta property=\"article:published_time\" content=\"2026-04-28T10:09:10+00:00\" \/>\n<meta property=\"og:image\" content=\"https:\/\/www.ranciliogroup.com\/app\/uploads\/2026\/04\/2026_LCF_WEB.jpg\" \/>\n\t<meta property=\"og:image:width\" content=\"1920\" \/>\n\t<meta property=\"og:image:height\" content=\"1080\" \/>\n\t<meta property=\"og:image:type\" content=\"image\/jpeg\" \/>\n<meta name=\"author\" content=\"temp circular\" \/>\n<meta name=\"twitter:card\" content=\"summary_large_image\" \/>\n<meta name=\"twitter:creator\" content=\"@ranciliogroup\" \/>\n<meta name=\"twitter:site\" content=\"@ranciliogroup\" \/>\n<meta name=\"twitter:label1\" content=\"Written by\" \/>\n\t<meta name=\"twitter:data1\" content=\"temp circular\" \/>\n\t<meta name=\"twitter:label2\" content=\"Est. reading time\" \/>\n\t<meta name=\"twitter:data2\" content=\"2 minutes\" \/>\n<script type=\"application\/ld+json\" class=\"yoast-schema-graph\">{\"@context\":\"https:\/\/schema.org\",\"@graph\":[{\"@type\":\"Article\",\"@id\":\"https:\/\/www.ranciliogroup.com\/pt-pt\/a-rancilio-a-rancilio-specialty-e-a-egro-assumem-o-protagonismo-no-london-coffee-festival-2026\/#article\",\"isPartOf\":{\"@id\":\"https:\/\/www.ranciliogroup.com\/pt-pt\/a-rancilio-a-rancilio-specialty-e-a-egro-assumem-o-protagonismo-no-london-coffee-festival-2026\/\"},\"author\":{\"name\":\"temp circular\",\"@id\":\"https:\/\/www.ranciliogroup.com\/pt-pt\/#\/schema\/person\/d6bf0a7dfe74cded3d64da8b2c92814c\"},\"headline\":\"A Rancilio, a Rancilio Specialty e a Egro assumem o protagonismo no London Coffee Festival 2026\",\"datePublished\":\"2026-04-28T10:09:10+00:00\",\"dateModified\":\"2026-04-28T10:09:10+00:00\",\"mainEntityOfPage\":{\"@id\":\"https:\/\/www.ranciliogroup.com\/pt-pt\/a-rancilio-a-rancilio-specialty-e-a-egro-assumem-o-protagonismo-no-london-coffee-festival-2026\/\"},\"wordCount\":276,\"publisher\":{\"@id\":\"https:\/\/www.ranciliogroup.com\/pt-pt\/#organization\"},\"keywords\":[\"London\",\"Classe 5 Crono\",\"LCF\",\"MoDe\",\"London Coffee Festival\",\"Stile\",\"Silvia\",\"Silvia Pro X\",\"Next\",\"Kryo\",\"Invicta\",\"RS1\"],\"articleSection\":[\"Eventos\"],\"inLanguage\":\"pt-PT\"},{\"@type\":\"WebPage\",\"@id\":\"https:\/\/www.ranciliogroup.com\/pt-pt\/a-rancilio-a-rancilio-specialty-e-a-egro-assumem-o-protagonismo-no-london-coffee-festival-2026\/\",\"url\":\"https:\/\/www.ranciliogroup.com\/pt-pt\/a-rancilio-a-rancilio-specialty-e-a-egro-assumem-o-protagonismo-no-london-coffee-festival-2026\/\",\"name\":\"Latest update about A Rancilio, a Rancilio Specialty e a Egro assumem o protagonismo no London Coffee Festival 2026 - Rancilio Group\",\"isPartOf\":{\"@id\":\"https:\/\/www.ranciliogroup.com\/pt-pt\/#website\"},\"datePublished\":\"2026-04-28T10:09:10+00:00\",\"dateModified\":\"2026-04-28T10:09:10+00:00\",\"description\":\"Read Rancilio Group's latest news about A Rancilio, a Rancilio Specialty e a Egro assumem o protagonismo no London Coffee Festival 2026\",\"breadcrumb\":{\"@id\":\"https:\/\/www.ranciliogroup.com\/pt-pt\/a-rancilio-a-rancilio-specialty-e-a-egro-assumem-o-protagonismo-no-london-coffee-festival-2026\/#breadcrumb\"},\"inLanguage\":\"pt-PT\",\"potentialAction\":[{\"@type\":\"ReadAction\",\"target\":[\"https:\/\/www.ranciliogroup.com\/pt-pt\/a-rancilio-a-rancilio-specialty-e-a-egro-assumem-o-protagonismo-no-london-coffee-festival-2026\/\"]}]},{\"@type\":\"BreadcrumbList\",\"@id\":\"https:\/\/www.ranciliogroup.com\/pt-pt\/a-rancilio-a-rancilio-specialty-e-a-egro-assumem-o-protagonismo-no-london-coffee-festival-2026\/#breadcrumb\",\"itemListElement\":[{\"@type\":\"ListItem\",\"position\":1,\"name\":\"Home\",\"item\":\"https:\/\/www.ranciliogroup.com\/pt-pt\/\"},{\"@type\":\"ListItem\",\"position\":2,\"name\":\"A Rancilio, a Rancilio Specialty e a Egro assumem o protagonismo no London Coffee Festival 2026\"}]},{\"@type\":\"WebSite\",\"@id\":\"https:\/\/www.ranciliogroup.com\/pt-pt\/#website\",\"url\":\"https:\/\/www.ranciliogroup.com\/pt-pt\/\",\"name\":\"Rancilio Group\",\"description\":\"L\u00edder Profissional de M\u00e1quinas de Caf\u00e9\",\"publisher\":{\"@id\":\"https:\/\/www.ranciliogroup.com\/pt-pt\/#organization\"},\"potentialAction\":[{\"@type\":\"SearchAction\",\"target\":{\"@type\":\"EntryPoint\",\"urlTemplate\":\"https:\/\/www.ranciliogroup.com\/pt-pt\/?s={search_term_string}\"},\"query-input\":\"required name=search_term_string\"}],\"inLanguage\":\"pt-PT\"},{\"@type\":\"Organization\",\"@id\":\"https:\/\/www.ranciliogroup.com\/pt-pt\/#organization\",\"name\":\"Rancilio Group\",\"url\":\"https:\/\/www.ranciliogroup.com\/pt-pt\/\",\"logo\":{\"@type\":\"ImageObject\",\"inLanguage\":\"pt-PT\",\"@id\":\"https:\/\/www.ranciliogroup.com\/pt-pt\/#\/schema\/logo\/image\/\",\"url\":\"https:\/\/www.ranciliogroup.com\/app\/uploads\/2019\/07\/rancilio_black_logo.png\",\"contentUrl\":\"https:\/\/www.ranciliogroup.com\/app\/uploads\/2019\/07\/rancilio_black_logo.png\",\"width\":447,\"height\":57,\"caption\":\"Rancilio Group\"},\"image\":{\"@id\":\"https:\/\/www.ranciliogroup.com\/pt-pt\/#\/schema\/logo\/image\/\"},\"sameAs\":[\"https:\/\/www.facebook.com\/RancilioGroup\",\"https:\/\/twitter.com\/ranciliogroup\",\"https:\/\/www.instagram.com\/rancilio_official\/\",\"https:\/\/www.linkedin.com\/company\/ranciliogroup\/\",\"https:\/\/www.youtube.com\/user\/rancilioadmin\"]},{\"@type\":\"Person\",\"@id\":\"https:\/\/www.ranciliogroup.com\/pt-pt\/#\/schema\/person\/d6bf0a7dfe74cded3d64da8b2c92814c\",\"name\":\"temp circular\",\"image\":{\"@type\":\"ImageObject\",\"inLanguage\":\"pt-PT\",\"@id\":\"https:\/\/www.ranciliogroup.com\/pt-pt\/#\/schema\/person\/image\/\",\"url\":\"https:\/\/secure.gravatar.com\/avatar\/569e71c3b97b8bcad1854d6579b35c5f?s=96&d=mm&r=g\",\"contentUrl\":\"https:\/\/secure.gravatar.com\/avatar\/569e71c3b97b8bcad1854d6579b35c5f?s=96&d=mm&r=g\",\"caption\":\"temp circular\"}}]}<\/script>\n<!-- \/ Yoast SEO plugin. -->","yoast_head_json":{"title":"Latest update about A Rancilio, a Rancilio Specialty e a Egro assumem o protagonismo no London Coffee Festival 2026 - Rancilio Group","description":"Read Rancilio Group's latest news about A Rancilio, a Rancilio Specialty e a Egro assumem o protagonismo no London Coffee Festival 2026","robots":{"index":"index","follow":"follow","max-snippet":"max-snippet:-1","max-image-preview":"max-image-preview:large","max-video-preview":"max-video-preview:-1"},"canonical":"https:\/\/www.ranciliogroup.com\/pt-pt\/a-rancilio-a-rancilio-specialty-e-a-egro-assumem-o-protagonismo-no-london-coffee-festival-2026\/","og_locale":"pt_PT","og_type":"article","og_title":"Latest update about A Rancilio, a Rancilio Specialty e a Egro assumem o protagonismo no London Coffee Festival 2026 - Rancilio Group","og_description":"Read Rancilio Group's latest news about A Rancilio, a Rancilio Specialty e a Egro assumem o protagonismo no London Coffee Festival 2026","og_url":"https:\/\/www.ranciliogroup.com\/pt-pt\/a-rancilio-a-rancilio-specialty-e-a-egro-assumem-o-protagonismo-no-london-coffee-festival-2026\/","og_site_name":"Rancilio Group","article_publisher":"https:\/\/www.facebook.com\/RancilioGroup","article_published_time":"2026-04-28T10:09:10+00:00","og_image":[{"width":1920,"height":1080,"url":"https:\/\/www.ranciliogroup.com\/app\/uploads\/2026\/04\/2026_LCF_WEB.jpg","type":"image\/jpeg"}],"author":"temp circular","twitter_card":"summary_large_image","twitter_creator":"@ranciliogroup","twitter_site":"@ranciliogroup","twitter_misc":{"Written by":"temp circular","Est. reading time":"2 minutes"},"schema":{"@context":"https:\/\/schema.org","@graph":[{"@type":"Article","@id":"https:\/\/www.ranciliogroup.com\/pt-pt\/a-rancilio-a-rancilio-specialty-e-a-egro-assumem-o-protagonismo-no-london-coffee-festival-2026\/#article","isPartOf":{"@id":"https:\/\/www.ranciliogroup.com\/pt-pt\/a-rancilio-a-rancilio-specialty-e-a-egro-assumem-o-protagonismo-no-london-coffee-festival-2026\/"},"author":{"name":"temp circular","@id":"https:\/\/www.ranciliogroup.com\/pt-pt\/#\/schema\/person\/d6bf0a7dfe74cded3d64da8b2c92814c"},"headline":"A Rancilio, a Rancilio Specialty e a Egro assumem o protagonismo no London Coffee Festival 2026","datePublished":"2026-04-28T10:09:10+00:00","dateModified":"2026-04-28T10:09:10+00:00","mainEntityOfPage":{"@id":"https:\/\/www.ranciliogroup.com\/pt-pt\/a-rancilio-a-rancilio-specialty-e-a-egro-assumem-o-protagonismo-no-london-coffee-festival-2026\/"},"wordCount":276,"publisher":{"@id":"https:\/\/www.ranciliogroup.com\/pt-pt\/#organization"},"keywords":["London","Classe 5 Crono","LCF","MoDe","London Coffee Festival","Stile","Silvia","Silvia Pro X","Next","Kryo","Invicta","RS1"],"articleSection":["Eventos"],"inLanguage":"pt-PT"},{"@type":"WebPage","@id":"https:\/\/www.ranciliogroup.com\/pt-pt\/a-rancilio-a-rancilio-specialty-e-a-egro-assumem-o-protagonismo-no-london-coffee-festival-2026\/","url":"https:\/\/www.ranciliogroup.com\/pt-pt\/a-rancilio-a-rancilio-specialty-e-a-egro-assumem-o-protagonismo-no-london-coffee-festival-2026\/","name":"Latest update about A Rancilio, a Rancilio Specialty e a Egro assumem o protagonismo no London Coffee Festival 2026 - Rancilio Group","isPartOf":{"@id":"https:\/\/www.ranciliogroup.com\/pt-pt\/#website"},"datePublished":"2026-04-28T10:09:10+00:00","dateModified":"2026-04-28T10:09:10+00:00","description":"Read Rancilio Group's latest news about A Rancilio, a Rancilio Specialty e a Egro assumem o protagonismo no London Coffee Festival 2026","breadcrumb":{"@id":"https:\/\/www.ranciliogroup.com\/pt-pt\/a-rancilio-a-rancilio-specialty-e-a-egro-assumem-o-protagonismo-no-london-coffee-festival-2026\/#breadcrumb"},"inLanguage":"pt-PT","potentialAction":[{"@type":"ReadAction","target":["https:\/\/www.ranciliogroup.com\/pt-pt\/a-rancilio-a-rancilio-specialty-e-a-egro-assumem-o-protagonismo-no-london-coffee-festival-2026\/"]}]},{"@type":"BreadcrumbList","@id":"https:\/\/www.ranciliogroup.com\/pt-pt\/a-rancilio-a-rancilio-specialty-e-a-egro-assumem-o-protagonismo-no-london-coffee-festival-2026\/#breadcrumb","itemListElement":[{"@type":"ListItem","position":1,"name":"Home","item":"https:\/\/www.ranciliogroup.com\/pt-pt\/"},{"@type":"ListItem","position":2,"name":"A Rancilio, a Rancilio Specialty e a Egro assumem o protagonismo no London Coffee Festival 2026"}]},{"@type":"WebSite","@id":"https:\/\/www.ranciliogroup.com\/pt-pt\/#website","url":"https:\/\/www.ranciliogroup.com\/pt-pt\/","name":"Rancilio Group","description":"L\u00edder Profissional de M\u00e1quinas de Caf\u00e9","publisher":{"@id":"https:\/\/www.ranciliogroup.com\/pt-pt\/#organization"},"potentialAction":[{"@type":"SearchAction","target":{"@type":"EntryPoint","urlTemplate":"https:\/\/www.ranciliogroup.com\/pt-pt\/?s={search_term_string}"},"query-input":"required name=search_term_string"}],"inLanguage":"pt-PT"},{"@type":"Organization","@id":"https:\/\/www.ranciliogroup.com\/pt-pt\/#organization","name":"Rancilio Group","url":"https:\/\/www.ranciliogroup.com\/pt-pt\/","logo":{"@type":"ImageObject","inLanguage":"pt-PT","@id":"https:\/\/www.ranciliogroup.com\/pt-pt\/#\/schema\/logo\/image\/","url":"https:\/\/www.ranciliogroup.com\/app\/uploads\/2019\/07\/rancilio_black_logo.png","contentUrl":"https:\/\/www.ranciliogroup.com\/app\/uploads\/2019\/07\/rancilio_black_logo.png","width":447,"height":57,"caption":"Rancilio Group"},"image":{"@id":"https:\/\/www.ranciliogroup.com\/pt-pt\/#\/schema\/logo\/image\/"},"sameAs":["https:\/\/www.facebook.com\/RancilioGroup","https:\/\/twitter.com\/ranciliogroup","https:\/\/www.instagram.com\/rancilio_official\/","https:\/\/www.linkedin.com\/company\/ranciliogroup\/","https:\/\/www.youtube.com\/user\/rancilioadmin"]},{"@type":"Person","@id":"https:\/\/www.ranciliogroup.com\/pt-pt\/#\/schema\/person\/d6bf0a7dfe74cded3d64da8b2c92814c","name":"temp circular","image":{"@type":"ImageObject","inLanguage":"pt-PT","@id":"https:\/\/www.ranciliogroup.com\/pt-pt\/#\/schema\/person\/image\/","url":"https:\/\/secure.gravatar.com\/avatar\/569e71c3b97b8bcad1854d6579b35c5f?s=96&d=mm&r=g","contentUrl":"https:\/\/secure.gravatar.com\/avatar\/569e71c3b97b8bcad1854d6579b35c5f?s=96&d=mm&r=g","caption":"temp circular"}}]}},"_links":{"self":[{"href":"https:\/\/www.ranciliogroup.com\/pt-pt\/wp-json\/wp\/v2\/posts\/83671"}],"collection":[{"href":"https:\/\/www.ranciliogroup.com\/pt-pt\/wp-json\/wp\/v2\/posts"}],"about":[{"href":"https:\/\/www.ranciliogroup.com\/pt-pt\/wp-json\/wp\/v2\/types\/post"}],"author":[{"embeddable":true,"href":"https:\/\/www.ranciliogroup.com\/pt-pt\/wp-json\/wp\/v2\/users\/5"}],"replies":[{"embeddable":true,"href":"https:\/\/www.ranciliogroup.com\/pt-pt\/wp-json\/wp\/v2\/comments?post=83671"}],"version-history":[{"count":1,"href":"https:\/\/www.ranciliogroup.com\/pt-pt\/wp-json\/wp\/v2\/posts\/83671\/revisions"}],"predecessor-version":[{"id":83672,"href":"https:\/\/www.ranciliogroup.com\/pt-pt\/wp-json\/wp\/v2\/posts\/83671\/revisions\/83672"}],"wp:featuredmedia":[{"embeddable":true,"href":"https:\/\/www.ranciliogroup.com\/pt-pt\/wp-json\/wp\/v2\/media\/83659"}],"wp:attachment":[{"href":"https:\/\/www.ranciliogroup.com\/pt-pt\/wp-json\/wp\/v2\/media?parent=83671"}],"wp:term":[{"taxonomy":"category","embeddable":true,"href":"https:\/\/www.ranciliogroup.com\/pt-pt\/wp-json\/wp\/v2\/categories?post=83671"},{"taxonomy":"post_tag","embeddable":true,"href":"https:\/\/www.ranciliogroup.com\/pt-pt\/wp-json\/wp\/v2\/tags?post=83671"}],"curies":[{"name":"wp","href":"https:\/\/api.w.org\/{rel}","templated":true}]}}